{"id":814,"date":"2025-05-20T17:30:00","date_gmt":"2025-05-20T15:30:00","guid":{"rendered":"https:\/\/infernet-cadiere.com\/?p=814"},"modified":"2025-12-10T15:42:43","modified_gmt":"2025-12-10T14:42:43","slug":"enduro-carpes-2022-les-293031-juillet-48h-a-letang-du-san-payre","status":"publish","type":"post","link":"https:\/\/infernet-cadiere.com\/index.php\/2025\/05\/20\/enduro-carpes-2022-les-293031-juillet-48h-a-letang-du-san-payre\/","title":{"rendered":"Enduro Carpes 48 Heures. 3 Jours et 2 nuits \u00e0 l&rsquo;Etang du SAN PAYRE \u00e0 PEYROLLES les 31 juillet, 1er et 2 ao\u00fbt 2026 organis\u00e9 par la F\u00e9d\u00e9ration 13"},"content":{"rendered":"\n<p class=\"has-large-font-size\">Une comp\u00e9tition pour partager un loisir et une passion pour les adeptes de la p\u00eache de nuit en \u00e9quipe. <\/p>\n\n\n\n<p class=\"has-large-font-size\">3000 euros de lots dont des cartes de p\u00eache 2027.<\/p>\n\n\n\n<p class=\"has-large-font-size\">Les 31 juillet, 1er et 2 ao\u00fbt 2026.<\/p>\n\n\n\n<p class=\"has-luminous-vivid-orange-color has-text-color has-large-font-size\"><\/p>\n\n\n\n<figure class=\"wp-block-gallery has-nested-images columns-default is-cropped wp-block-gallery-2 is-layout-flex wp-block-gallery-is-layout-flex\"><\/figure>\n\n\n\n<figure class=\"wp-block-image size-large\"><img loading=\"lazy\" decoding=\"async\" width=\"1024\" height=\"768\" src=\"https:\/\/infernet-cadiere.com\/wp-content\/uploads\/2023\/12\/IMG_4494-1024x768.jpeg\" alt=\"\" class=\"wp-image-1620\" srcset=\"https:\/\/infernet-cadiere.com\/wp-content\/uploads\/2023\/12\/IMG_4494-1024x768.jpeg 1024w, https:\/\/infernet-cadiere.com\/wp-content\/uploads\/2023\/12\/IMG_4494-300x225.jpeg 300w, https:\/\/infernet-cadiere.com\/wp-content\/uploads\/2023\/12\/IMG_4494-768x576.jpeg 768w, https:\/\/infernet-cadiere.com\/wp-content\/uploads\/2023\/12\/IMG_4494-1536x1152.jpeg 1536w, https:\/\/infernet-cadiere.com\/wp-content\/uploads\/2023\/12\/IMG_4494-2048x1536.jpeg 2048w, https:\/\/infernet-cadiere.com\/wp-content\/uploads\/2023\/12\/IMG_4494-1440x1080.jpeg 1440w\" sizes=\"auto, (max-width: 1024px) 100vw, 1024px\" \/><\/figure>\n\n\n\n<figure class=\"wp-block-image size-large is-resized\"><img loading=\"lazy\" decoding=\"async\" width=\"1024\" height=\"768\" src=\"https:\/\/infernet-cadiere.com\/wp-content\/uploads\/2023\/12\/IMG_4517-1024x768.jpeg\" alt=\"\" class=\"wp-image-1622\" style=\"width:840px;height:auto\" srcset=\"https:\/\/infernet-cadiere.com\/wp-content\/uploads\/2023\/12\/IMG_4517-1024x768.jpeg 1024w, https:\/\/infernet-cadiere.com\/wp-content\/uploads\/2023\/12\/IMG_4517-300x225.jpeg 300w, https:\/\/infernet-cadiere.com\/wp-content\/uploads\/2023\/12\/IMG_4517-768x576.jpeg 768w, https:\/\/infernet-cadiere.com\/wp-content\/uploads\/2023\/12\/IMG_4517-1536x1152.jpeg 1536w, https:\/\/infernet-cadiere.com\/wp-content\/uploads\/2023\/12\/IMG_4517-2048x1536.jpeg 2048w, https:\/\/infernet-cadiere.com\/wp-content\/uploads\/2023\/12\/IMG_4517-1440x1080.jpeg 1440w\" sizes=\"auto, (max-width: 1024px) 100vw, 1024px\" \/><\/figure>\n\n\n\n<figure class=\"wp-block-image size-large\"><img loading=\"lazy\" decoding=\"async\" width=\"1024\" height=\"768\" src=\"https:\/\/infernet-cadiere.com\/wp-content\/uploads\/2023\/12\/IMG_4501-1024x768.jpeg\" alt=\"\" class=\"wp-image-1621\" srcset=\"https:\/\/infernet-cadiere.com\/wp-content\/uploads\/2023\/12\/IMG_4501-1024x768.jpeg 1024w, https:\/\/infernet-cadiere.com\/wp-content\/uploads\/2023\/12\/IMG_4501-300x225.jpeg 300w, https:\/\/infernet-cadiere.com\/wp-content\/uploads\/2023\/12\/IMG_4501-768x576.jpeg 768w, https:\/\/infernet-cadiere.com\/wp-content\/uploads\/2023\/12\/IMG_4501-1536x1152.jpeg 1536w, https:\/\/infernet-cadiere.com\/wp-content\/uploads\/2023\/12\/IMG_4501-2048x1536.jpeg 2048w, https:\/\/infernet-cadiere.com\/wp-content\/uploads\/2023\/12\/IMG_4501-1440x1080.jpeg 1440w\" sizes=\"auto, (max-width: 1024px) 100vw, 1024px\" \/><\/figure>\n\n\n\n<figure class=\"wp-block-image size-large\"><img loading=\"lazy\" decoding=\"async\" width=\"1024\" height=\"770\" src=\"https:\/\/infernet-cadiere.com\/wp-content\/uploads\/2023\/12\/IMG_1352-1024x770.jpeg\" alt=\"\" class=\"wp-image-1624\" srcset=\"https:\/\/infernet-cadiere.com\/wp-content\/uploads\/2023\/12\/IMG_1352-1024x770.jpeg 1024w, https:\/\/infernet-cadiere.com\/wp-content\/uploads\/2023\/12\/IMG_1352-300x226.jpeg 300w, https:\/\/infernet-cadiere.com\/wp-content\/uploads\/2023\/12\/IMG_1352-768x578.jpeg 768w, https:\/\/infernet-cadiere.com\/wp-content\/uploads\/2023\/12\/IMG_1352-1536x1155.jpeg 1536w, https:\/\/infernet-cadiere.com\/wp-content\/uploads\/2023\/12\/IMG_1352-2048x1541.jpeg 2048w, https:\/\/infernet-cadiere.com\/wp-content\/uploads\/2023\/12\/IMG_1352-1436x1080.jpeg 1436w\" sizes=\"auto, (max-width: 1024px) 100vw, 1024px\" \/><\/figure>\n","protected":false},"excerpt":{"rendered":"<p>Une comp\u00e9tition pour partager un loisir et une passion pour les adeptes de la p\u00eache de nuit en \u00e9quipe. 3000 euros de lots dont des cartes de p\u00eache 2027. Les 31 juillet, 1er et 2 ao\u00fbt 2026.<\/p>\n","protected":false},"author":2,"featured_media":2191,"comment_status":"closed","ping_status":"open","sticky":false,"template":"","format":"standard","meta":{"footnotes":""},"categories":[7],"tags":[],"class_list":["post-814","post","type-post","status-publish","format-standard","has-post-thumbnail","hentry","category-concours"],"yoast_head":"<!-- This site is optimized with the Yoast SEO plugin v27.5 - https:\/\/yoast.com\/product\/yoast-seo-wordpress\/ -->\n<title>Enduro Carpes 48 Heures. 3 Jours et 2 nuits \u00e0 l&#039;Etang du SAN PAYRE \u00e0 PEYROLLES les 31 juillet, 1er et 2 ao\u00fbt 2026 organis\u00e9 par la F\u00e9d\u00e9ration 13 - L&#039;infernet Cadi\u00e8re<\/title>\n<meta name=\"robots\" content=\"index, follow, max-snippet:-1, max-image-preview:large, max-video-preview:-1\" \/>\n<link rel=\"canonical\" href=\"https:\/\/infernet-cadiere.com\/index.php\/2025\/05\/20\/enduro-carpes-2022-les-293031-juillet-48h-a-letang-du-san-payre\/\" \/>\n<meta property=\"og:locale\" content=\"fr_FR\" \/>\n<meta property=\"og:type\" content=\"article\" \/>\n<meta property=\"og:title\" content=\"Enduro Carpes 48 Heures. 3 Jours et 2 nuits \u00e0 l&#039;Etang du SAN PAYRE \u00e0 PEYROLLES les 31 juillet, 1er et 2 ao\u00fbt 2026 organis\u00e9 par la F\u00e9d\u00e9ration 13 - L&#039;infernet Cadi\u00e8re\" \/>\n<meta property=\"og:description\" content=\"Une comp\u00e9tition pour partager un loisir et une passion pour les adeptes de la p\u00eache de nuit en \u00e9quipe. 3000 euros de lots dont des cartes de p\u00eache 2027. Les 31 juillet, 1er et 2 ao\u00fbt 2026.\" \/>\n<meta property=\"og:url\" content=\"https:\/\/infernet-cadiere.com\/index.php\/2025\/05\/20\/enduro-carpes-2022-les-293031-juillet-48h-a-letang-du-san-payre\/\" \/>\n<meta property=\"og:site_name\" content=\"L&#039;infernet Cadi\u00e8re\" \/>\n<meta property=\"article:published_time\" content=\"2025-05-20T15:30:00+00:00\" \/>\n<meta property=\"article:modified_time\" content=\"2025-12-10T14:42:43+00:00\" \/>\n<meta property=\"og:image\" content=\"https:\/\/infernet-cadiere.com\/wp-content\/uploads\/2025\/06\/IMG_1550.jpeg\" \/>\n\t<meta property=\"og:image:width\" content=\"968\" \/>\n\t<meta property=\"og:image:height\" content=\"722\" \/>\n\t<meta property=\"og:image:type\" content=\"image\/jpeg\" \/>\n<meta name=\"author\" content=\"Bernard Abrial\" \/>\n<meta name=\"twitter:card\" content=\"summary_large_image\" \/>\n<meta name=\"twitter:label1\" content=\"\u00c9crit par\" \/>\n\t<meta name=\"twitter:data1\" content=\"Bernard Abrial\" \/>\n\t<meta name=\"twitter:label2\" content=\"Dur\u00e9e de lecture estim\u00e9e\" \/>\n\t<meta name=\"twitter:data2\" content=\"2 minutes\" \/>\n<script type=\"application\/ld+json\" class=\"yoast-schema-graph\">{\"@context\":\"https:\\\/\\\/schema.org\",\"@graph\":[{\"@type\":\"Article\",\"@id\":\"https:\\\/\\\/infernet-cadiere.com\\\/index.php\\\/2025\\\/05\\\/20\\\/enduro-carpes-2022-les-293031-juillet-48h-a-letang-du-san-payre\\\/#article\",\"isPartOf\":{\"@id\":\"https:\\\/\\\/infernet-cadiere.com\\\/index.php\\\/2025\\\/05\\\/20\\\/enduro-carpes-2022-les-293031-juillet-48h-a-letang-du-san-payre\\\/\"},\"author\":{\"name\":\"Bernard Abrial\",\"@id\":\"https:\\\/\\\/infernet-cadiere.com\\\/#\\\/schema\\\/person\\\/3cec9acd51609644a7fb81983cf19aa1\"},\"headline\":\"Enduro Carpes 48 Heures. 3 Jours et 2 nuits \u00e0 l&rsquo;Etang du SAN PAYRE \u00e0 PEYROLLES les 31 juillet, 1er et 2 ao\u00fbt 2026 organis\u00e9 par la F\u00e9d\u00e9ration 13\",\"datePublished\":\"2025-05-20T15:30:00+00:00\",\"dateModified\":\"2025-12-10T14:42:43+00:00\",\"mainEntityOfPage\":{\"@id\":\"https:\\\/\\\/infernet-cadiere.com\\\/index.php\\\/2025\\\/05\\\/20\\\/enduro-carpes-2022-les-293031-juillet-48h-a-letang-du-san-payre\\\/\"},\"wordCount\":60,\"publisher\":{\"@id\":\"https:\\\/\\\/infernet-cadiere.com\\\/#organization\"},\"image\":{\"@id\":\"https:\\\/\\\/infernet-cadiere.com\\\/index.php\\\/2025\\\/05\\\/20\\\/enduro-carpes-2022-les-293031-juillet-48h-a-letang-du-san-payre\\\/#primaryimage\"},\"thumbnailUrl\":\"https:\\\/\\\/infernet-cadiere.com\\\/wp-content\\\/uploads\\\/2025\\\/06\\\/IMG_1550.jpeg\",\"articleSection\":[\"Concours\"],\"inLanguage\":\"fr-FR\"},{\"@type\":\"WebPage\",\"@id\":\"https:\\\/\\\/infernet-cadiere.com\\\/index.php\\\/2025\\\/05\\\/20\\\/enduro-carpes-2022-les-293031-juillet-48h-a-letang-du-san-payre\\\/\",\"url\":\"https:\\\/\\\/infernet-cadiere.com\\\/index.php\\\/2025\\\/05\\\/20\\\/enduro-carpes-2022-les-293031-juillet-48h-a-letang-du-san-payre\\\/\",\"name\":\"Enduro Carpes 48 Heures. 3 Jours et 2 nuits \u00e0 l'Etang du SAN PAYRE \u00e0 PEYROLLES les 31 juillet, 1er et 2 ao\u00fbt 2026 organis\u00e9 par la F\u00e9d\u00e9ration 13 - L&#039;infernet Cadi\u00e8re\",\"isPartOf\":{\"@id\":\"https:\\\/\\\/infernet-cadiere.com\\\/#website\"},\"primaryImageOfPage\":{\"@id\":\"https:\\\/\\\/infernet-cadiere.com\\\/index.php\\\/2025\\\/05\\\/20\\\/enduro-carpes-2022-les-293031-juillet-48h-a-letang-du-san-payre\\\/#primaryimage\"},\"image\":{\"@id\":\"https:\\\/\\\/infernet-cadiere.com\\\/index.php\\\/2025\\\/05\\\/20\\\/enduro-carpes-2022-les-293031-juillet-48h-a-letang-du-san-payre\\\/#primaryimage\"},\"thumbnailUrl\":\"https:\\\/\\\/infernet-cadiere.com\\\/wp-content\\\/uploads\\\/2025\\\/06\\\/IMG_1550.jpeg\",\"datePublished\":\"2025-05-20T15:30:00+00:00\",\"dateModified\":\"2025-12-10T14:42:43+00:00\",\"breadcrumb\":{\"@id\":\"https:\\\/\\\/infernet-cadiere.com\\\/index.php\\\/2025\\\/05\\\/20\\\/enduro-carpes-2022-les-293031-juillet-48h-a-letang-du-san-payre\\\/#breadcrumb\"},\"inLanguage\":\"fr-FR\",\"potentialAction\":[{\"@type\":\"ReadAction\",\"target\":[\"https:\\\/\\\/infernet-cadiere.com\\\/index.php\\\/2025\\\/05\\\/20\\\/enduro-carpes-2022-les-293031-juillet-48h-a-letang-du-san-payre\\\/\"]}]},{\"@type\":\"ImageObject\",\"inLanguage\":\"fr-FR\",\"@id\":\"https:\\\/\\\/infernet-cadiere.com\\\/index.php\\\/2025\\\/05\\\/20\\\/enduro-carpes-2022-les-293031-juillet-48h-a-letang-du-san-payre\\\/#primaryimage\",\"url\":\"https:\\\/\\\/infernet-cadiere.com\\\/wp-content\\\/uploads\\\/2025\\\/06\\\/IMG_1550.jpeg\",\"contentUrl\":\"https:\\\/\\\/infernet-cadiere.com\\\/wp-content\\\/uploads\\\/2025\\\/06\\\/IMG_1550.jpeg\",\"width\":968,\"height\":722,\"caption\":\"Screenshot\"},{\"@type\":\"BreadcrumbList\",\"@id\":\"https:\\\/\\\/infernet-cadiere.com\\\/index.php\\\/2025\\\/05\\\/20\\\/enduro-carpes-2022-les-293031-juillet-48h-a-letang-du-san-payre\\\/#breadcrumb\",\"itemListElement\":[{\"@type\":\"ListItem\",\"position\":1,\"name\":\"Accueil\",\"item\":\"https:\\\/\\\/infernet-cadiere.com\\\/\"},{\"@type\":\"ListItem\",\"position\":2,\"name\":\"Enduro Carpes 48 Heures. 3 Jours et 2 nuits \u00e0 l&rsquo;Etang du SAN PAYRE \u00e0 PEYROLLES les 31 juillet, 1er et 2 ao\u00fbt 2026 organis\u00e9 par la F\u00e9d\u00e9ration 13\"}]},{\"@type\":\"WebSite\",\"@id\":\"https:\\\/\\\/infernet-cadiere.com\\\/#website\",\"url\":\"https:\\\/\\\/infernet-cadiere.com\\\/\",\"name\":\"L&#039;infernet Cadi\u00e8re\",\"description\":\"Association\",\"publisher\":{\"@id\":\"https:\\\/\\\/infernet-cadiere.com\\\/#organization\"},\"potentialAction\":[{\"@type\":\"SearchAction\",\"target\":{\"@type\":\"EntryPoint\",\"urlTemplate\":\"https:\\\/\\\/infernet-cadiere.com\\\/?s={search_term_string}\"},\"query-input\":{\"@type\":\"PropertyValueSpecification\",\"valueRequired\":true,\"valueName\":\"search_term_string\"}}],\"inLanguage\":\"fr-FR\"},{\"@type\":\"Organization\",\"@id\":\"https:\\\/\\\/infernet-cadiere.com\\\/#organization\",\"name\":\"L&#039;infernet Cadi\u00e8re\",\"url\":\"https:\\\/\\\/infernet-cadiere.com\\\/\",\"logo\":{\"@type\":\"ImageObject\",\"inLanguage\":\"fr-FR\",\"@id\":\"https:\\\/\\\/infernet-cadiere.com\\\/#\\\/schema\\\/logo\\\/image\\\/\",\"url\":\"https:\\\/\\\/infernet-cadiere.com\\\/wp-content\\\/uploads\\\/2022\\\/02\\\/logo2.png\",\"contentUrl\":\"https:\\\/\\\/infernet-cadiere.com\\\/wp-content\\\/uploads\\\/2022\\\/02\\\/logo2.png\",\"width\":650,\"height\":644,\"caption\":\"L&#039;infernet Cadi\u00e8re\"},\"image\":{\"@id\":\"https:\\\/\\\/infernet-cadiere.com\\\/#\\\/schema\\\/logo\\\/image\\\/\"}},{\"@type\":\"Person\",\"@id\":\"https:\\\/\\\/infernet-cadiere.com\\\/#\\\/schema\\\/person\\\/3cec9acd51609644a7fb81983cf19aa1\",\"name\":\"Bernard Abrial\",\"image\":{\"@type\":\"ImageObject\",\"inLanguage\":\"fr-FR\",\"@id\":\"https:\\\/\\\/secure.gravatar.com\\\/avatar\\\/7eebd0c4b6fed3aa62c623b6a08a6b1afe3a534e0cf678e41a99c38866fe8626?s=96&d=mm&r=g\",\"url\":\"https:\\\/\\\/secure.gravatar.com\\\/avatar\\\/7eebd0c4b6fed3aa62c623b6a08a6b1afe3a534e0cf678e41a99c38866fe8626?s=96&d=mm&r=g\",\"contentUrl\":\"https:\\\/\\\/secure.gravatar.com\\\/avatar\\\/7eebd0c4b6fed3aa62c623b6a08a6b1afe3a534e0cf678e41a99c38866fe8626?s=96&d=mm&r=g\",\"caption\":\"Bernard Abrial\"},\"url\":\"https:\\\/\\\/infernet-cadiere.com\\\/index.php\\\/author\\\/abrial\\\/\"}]}<\/script>\n<!-- \/ Yoast SEO plugin. -->","yoast_head_json":{"title":"Enduro Carpes 48 Heures. 3 Jours et 2 nuits \u00e0 l'Etang du SAN PAYRE \u00e0 PEYROLLES les 31 juillet, 1er et 2 ao\u00fbt 2026 organis\u00e9 par la F\u00e9d\u00e9ration 13 - L&#039;infernet Cadi\u00e8re","robots":{"index":"index","follow":"follow","max-snippet":"max-snippet:-1","max-image-preview":"max-image-preview:large","max-video-preview":"max-video-preview:-1"},"canonical":"https:\/\/infernet-cadiere.com\/index.php\/2025\/05\/20\/enduro-carpes-2022-les-293031-juillet-48h-a-letang-du-san-payre\/","og_locale":"fr_FR","og_type":"article","og_title":"Enduro Carpes 48 Heures. 3 Jours et 2 nuits \u00e0 l'Etang du SAN PAYRE \u00e0 PEYROLLES les 31 juillet, 1er et 2 ao\u00fbt 2026 organis\u00e9 par la F\u00e9d\u00e9ration 13 - L&#039;infernet Cadi\u00e8re","og_description":"Une comp\u00e9tition pour partager un loisir et une passion pour les adeptes de la p\u00eache de nuit en \u00e9quipe. 3000 euros de lots dont des cartes de p\u00eache 2027. Les 31 juillet, 1er et 2 ao\u00fbt 2026.","og_url":"https:\/\/infernet-cadiere.com\/index.php\/2025\/05\/20\/enduro-carpes-2022-les-293031-juillet-48h-a-letang-du-san-payre\/","og_site_name":"L&#039;infernet Cadi\u00e8re","article_published_time":"2025-05-20T15:30:00+00:00","article_modified_time":"2025-12-10T14:42:43+00:00","og_image":[{"width":968,"height":722,"url":"https:\/\/infernet-cadiere.com\/wp-content\/uploads\/2025\/06\/IMG_1550.jpeg","type":"image\/jpeg"}],"author":"Bernard Abrial","twitter_card":"summary_large_image","twitter_misc":{"\u00c9crit par":"Bernard Abrial","Dur\u00e9e de lecture estim\u00e9e":"2 minutes"},"schema":{"@context":"https:\/\/schema.org","@graph":[{"@type":"Article","@id":"https:\/\/infernet-cadiere.com\/index.php\/2025\/05\/20\/enduro-carpes-2022-les-293031-juillet-48h-a-letang-du-san-payre\/#article","isPartOf":{"@id":"https:\/\/infernet-cadiere.com\/index.php\/2025\/05\/20\/enduro-carpes-2022-les-293031-juillet-48h-a-letang-du-san-payre\/"},"author":{"name":"Bernard Abrial","@id":"https:\/\/infernet-cadiere.com\/#\/schema\/person\/3cec9acd51609644a7fb81983cf19aa1"},"headline":"Enduro Carpes 48 Heures. 3 Jours et 2 nuits \u00e0 l&rsquo;Etang du SAN PAYRE \u00e0 PEYROLLES les 31 juillet, 1er et 2 ao\u00fbt 2026 organis\u00e9 par la F\u00e9d\u00e9ration 13","datePublished":"2025-05-20T15:30:00+00:00","dateModified":"2025-12-10T14:42:43+00:00","mainEntityOfPage":{"@id":"https:\/\/infernet-cadiere.com\/index.php\/2025\/05\/20\/enduro-carpes-2022-les-293031-juillet-48h-a-letang-du-san-payre\/"},"wordCount":60,"publisher":{"@id":"https:\/\/infernet-cadiere.com\/#organization"},"image":{"@id":"https:\/\/infernet-cadiere.com\/index.php\/2025\/05\/20\/enduro-carpes-2022-les-293031-juillet-48h-a-letang-du-san-payre\/#primaryimage"},"thumbnailUrl":"https:\/\/infernet-cadiere.com\/wp-content\/uploads\/2025\/06\/IMG_1550.jpeg","articleSection":["Concours"],"inLanguage":"fr-FR"},{"@type":"WebPage","@id":"https:\/\/infernet-cadiere.com\/index.php\/2025\/05\/20\/enduro-carpes-2022-les-293031-juillet-48h-a-letang-du-san-payre\/","url":"https:\/\/infernet-cadiere.com\/index.php\/2025\/05\/20\/enduro-carpes-2022-les-293031-juillet-48h-a-letang-du-san-payre\/","name":"Enduro Carpes 48 Heures. 3 Jours et 2 nuits \u00e0 l'Etang du SAN PAYRE \u00e0 PEYROLLES les 31 juillet, 1er et 2 ao\u00fbt 2026 organis\u00e9 par la F\u00e9d\u00e9ration 13 - L&#039;infernet Cadi\u00e8re","isPartOf":{"@id":"https:\/\/infernet-cadiere.com\/#website"},"primaryImageOfPage":{"@id":"https:\/\/infernet-cadiere.com\/index.php\/2025\/05\/20\/enduro-carpes-2022-les-293031-juillet-48h-a-letang-du-san-payre\/#primaryimage"},"image":{"@id":"https:\/\/infernet-cadiere.com\/index.php\/2025\/05\/20\/enduro-carpes-2022-les-293031-juillet-48h-a-letang-du-san-payre\/#primaryimage"},"thumbnailUrl":"https:\/\/infernet-cadiere.com\/wp-content\/uploads\/2025\/06\/IMG_1550.jpeg","datePublished":"2025-05-20T15:30:00+00:00","dateModified":"2025-12-10T14:42:43+00:00","breadcrumb":{"@id":"https:\/\/infernet-cadiere.com\/index.php\/2025\/05\/20\/enduro-carpes-2022-les-293031-juillet-48h-a-letang-du-san-payre\/#breadcrumb"},"inLanguage":"fr-FR","potentialAction":[{"@type":"ReadAction","target":["https:\/\/infernet-cadiere.com\/index.php\/2025\/05\/20\/enduro-carpes-2022-les-293031-juillet-48h-a-letang-du-san-payre\/"]}]},{"@type":"ImageObject","inLanguage":"fr-FR","@id":"https:\/\/infernet-cadiere.com\/index.php\/2025\/05\/20\/enduro-carpes-2022-les-293031-juillet-48h-a-letang-du-san-payre\/#primaryimage","url":"https:\/\/infernet-cadiere.com\/wp-content\/uploads\/2025\/06\/IMG_1550.jpeg","contentUrl":"https:\/\/infernet-cadiere.com\/wp-content\/uploads\/2025\/06\/IMG_1550.jpeg","width":968,"height":722,"caption":"Screenshot"},{"@type":"BreadcrumbList","@id":"https:\/\/infernet-cadiere.com\/index.php\/2025\/05\/20\/enduro-carpes-2022-les-293031-juillet-48h-a-letang-du-san-payre\/#breadcrumb","itemListElement":[{"@type":"ListItem","position":1,"name":"Accueil","item":"https:\/\/infernet-cadiere.com\/"},{"@type":"ListItem","position":2,"name":"Enduro Carpes 48 Heures. 3 Jours et 2 nuits \u00e0 l&rsquo;Etang du SAN PAYRE \u00e0 PEYROLLES les 31 juillet, 1er et 2 ao\u00fbt 2026 organis\u00e9 par la F\u00e9d\u00e9ration 13"}]},{"@type":"WebSite","@id":"https:\/\/infernet-cadiere.com\/#website","url":"https:\/\/infernet-cadiere.com\/","name":"L&#039;infernet Cadi\u00e8re","description":"Association","publisher":{"@id":"https:\/\/infernet-cadiere.com\/#organization"},"potentialAction":[{"@type":"SearchAction","target":{"@type":"EntryPoint","urlTemplate":"https:\/\/infernet-cadiere.com\/?s={search_term_string}"},"query-input":{"@type":"PropertyValueSpecification","valueRequired":true,"valueName":"search_term_string"}}],"inLanguage":"fr-FR"},{"@type":"Organization","@id":"https:\/\/infernet-cadiere.com\/#organization","name":"L&#039;infernet Cadi\u00e8re","url":"https:\/\/infernet-cadiere.com\/","logo":{"@type":"ImageObject","inLanguage":"fr-FR","@id":"https:\/\/infernet-cadiere.com\/#\/schema\/logo\/image\/","url":"https:\/\/infernet-cadiere.com\/wp-content\/uploads\/2022\/02\/logo2.png","contentUrl":"https:\/\/infernet-cadiere.com\/wp-content\/uploads\/2022\/02\/logo2.png","width":650,"height":644,"caption":"L&#039;infernet Cadi\u00e8re"},"image":{"@id":"https:\/\/infernet-cadiere.com\/#\/schema\/logo\/image\/"}},{"@type":"Person","@id":"https:\/\/infernet-cadiere.com\/#\/schema\/person\/3cec9acd51609644a7fb81983cf19aa1","name":"Bernard Abrial","image":{"@type":"ImageObject","inLanguage":"fr-FR","@id":"https:\/\/secure.gravatar.com\/avatar\/7eebd0c4b6fed3aa62c623b6a08a6b1afe3a534e0cf678e41a99c38866fe8626?s=96&d=mm&r=g","url":"https:\/\/secure.gravatar.com\/avatar\/7eebd0c4b6fed3aa62c623b6a08a6b1afe3a534e0cf678e41a99c38866fe8626?s=96&d=mm&r=g","contentUrl":"https:\/\/secure.gravatar.com\/avatar\/7eebd0c4b6fed3aa62c623b6a08a6b1afe3a534e0cf678e41a99c38866fe8626?s=96&d=mm&r=g","caption":"Bernard Abrial"},"url":"https:\/\/infernet-cadiere.com\/index.php\/author\/abrial\/"}]}},"_links":{"self":[{"href":"https:\/\/infernet-cadiere.com\/index.php\/wp-json\/wp\/v2\/posts\/814","targetHints":{"allow":["GET"]}}],"collection":[{"href":"https:\/\/infernet-cadiere.com\/index.php\/wp-json\/wp\/v2\/posts"}],"about":[{"href":"https:\/\/infernet-cadiere.com\/index.php\/wp-json\/wp\/v2\/types\/post"}],"author":[{"embeddable":true,"href":"https:\/\/infernet-cadiere.com\/index.php\/wp-json\/wp\/v2\/users\/2"}],"replies":[{"embeddable":true,"href":"https:\/\/infernet-cadiere.com\/index.php\/wp-json\/wp\/v2\/comments?post=814"}],"version-history":[{"count":11,"href":"https:\/\/infernet-cadiere.com\/index.php\/wp-json\/wp\/v2\/posts\/814\/revisions"}],"predecessor-version":[{"id":2368,"href":"https:\/\/infernet-cadiere.com\/index.php\/wp-json\/wp\/v2\/posts\/814\/revisions\/2368"}],"wp:featuredmedia":[{"embeddable":true,"href":"https:\/\/infernet-cadiere.com\/index.php\/wp-json\/wp\/v2\/media\/2191"}],"wp:attachment":[{"href":"https:\/\/infernet-cadiere.com\/index.php\/wp-json\/wp\/v2\/media?parent=814"}],"wp:term":[{"taxonomy":"category","embeddable":true,"href":"https:\/\/infernet-cadiere.com\/index.php\/wp-json\/wp\/v2\/categories?post=814"},{"taxonomy":"post_tag","embeddable":true,"href":"https:\/\/infernet-cadiere.com\/index.php\/wp-json\/wp\/v2\/tags?post=814"}],"curies":[{"name":"wp","href":"https:\/\/api.w.org\/{rel}","templated":true}]}}