{"id":1776,"date":"2026-03-04T11:15:00","date_gmt":"2026-03-04T10:15:00","guid":{"rendered":"https:\/\/infernet-cadiere.com\/?p=1776"},"modified":"2026-04-14T10:42:37","modified_gmt":"2026-04-14T08:42:37","slug":"prochain-lacher-de-la-saison","status":"publish","type":"post","link":"https:\/\/infernet-cadiere.com\/index.php\/2026\/03\/04\/prochain-lacher-de-la-saison\/","title":{"rendered":"Amis P\u00eacheurs venez participer au prochain L\u00e2cher de la saison le jeudi 23 avril 2026."},"content":{"rendered":"\n<p class=\"has-large-font-size\">L\u2019AAPPMA proc\u00e8dera \u00e0 un l\u00e2cher de truites le jeudi 23 avril 2026.<\/p>\n\n\n\n<p class=\"has-large-font-size\"><strong> Vous pouvez y participer. <\/strong><\/p>\n\n\n\n<p class=\"has-large-font-size\"><strong>Le rendez-vous est fix\u00e9 \u00e0 8h30 au local de l\u2019AAPPMA<\/strong> situ\u00e9 dans le parc culturel de Fontblanche All\u00e9e des Artistes \u00e0 VITROLLES.<\/p>\n\n\n\n<figure class=\"wp-block-image size-large is-resized\"><img loading=\"lazy\" decoding=\"async\" width=\"768\" height=\"1024\" src=\"https:\/\/infernet-cadiere.com\/wp-content\/uploads\/2026\/03\/IMG_4653-768x1024.jpeg\" alt=\"\" class=\"wp-image-2461\" style=\"width:840px;height:auto\" srcset=\"https:\/\/infernet-cadiere.com\/wp-content\/uploads\/2026\/03\/IMG_4653-768x1024.jpeg 768w, https:\/\/infernet-cadiere.com\/wp-content\/uploads\/2026\/03\/IMG_4653-225x300.jpeg 225w, https:\/\/infernet-cadiere.com\/wp-content\/uploads\/2026\/03\/IMG_4653-1152x1536.jpeg 1152w, https:\/\/infernet-cadiere.com\/wp-content\/uploads\/2026\/03\/IMG_4653-1536x2048.jpeg 1536w, https:\/\/infernet-cadiere.com\/wp-content\/uploads\/2026\/03\/IMG_4653-1024x1365.jpeg 1024w, https:\/\/infernet-cadiere.com\/wp-content\/uploads\/2026\/03\/IMG_4653-810x1080.jpeg 810w, https:\/\/infernet-cadiere.com\/wp-content\/uploads\/2026\/03\/IMG_4653-scaled.jpeg 1920w\" sizes=\"auto, (max-width: 768px) 100vw, 768px\" \/><\/figure>\n\n\n\n<p class=\"has-large-font-size\"><\/p>\n\n\n\n<p><\/p>\n","protected":false},"excerpt":{"rendered":"<p>L\u2019AAPPMA proc\u00e8dera \u00e0 un l\u00e2cher de truites le jeudi 23 avril 2026. Vous pouvez y participer. Le rendez-vous est fix\u00e9 \u00e0 8h30 au local de l\u2019AAPPMA situ\u00e9 dans le parc culturel de Fontblanche All\u00e9e des Artistes \u00e0 VITROLLES.<\/p>\n","protected":false},"author":2,"featured_media":562,"comment_status":"closed","ping_status":"open","sticky":false,"template":"","format":"standard","meta":{"footnotes":""},"categories":[8],"tags":[],"class_list":["post-1776","post","type-post","status-publish","format-standard","has-post-thumbnail","hentry","category-lache"],"yoast_head":"<!-- This site is optimized with the Yoast SEO plugin v27.5 - https:\/\/yoast.com\/product\/yoast-seo-wordpress\/ -->\n<title>Amis P\u00eacheurs venez participer au prochain L\u00e2cher de la saison le jeudi 23 avril 2026. - L&#039;infernet Cadi\u00e8re<\/title>\n<meta name=\"robots\" content=\"index, follow, max-snippet:-1, max-image-preview:large, max-video-preview:-1\" \/>\n<link rel=\"canonical\" href=\"https:\/\/infernet-cadiere.com\/index.php\/2026\/03\/04\/prochain-lacher-de-la-saison\/\" \/>\n<meta property=\"og:locale\" content=\"fr_FR\" \/>\n<meta property=\"og:type\" content=\"article\" \/>\n<meta property=\"og:title\" content=\"Amis P\u00eacheurs venez participer au prochain L\u00e2cher de la saison le jeudi 23 avril 2026. - L&#039;infernet Cadi\u00e8re\" \/>\n<meta property=\"og:description\" content=\"L\u2019AAPPMA proc\u00e8dera \u00e0 un l\u00e2cher de truites le jeudi 23 avril 2026. Vous pouvez y participer. Le rendez-vous est fix\u00e9 \u00e0 8h30 au local de l\u2019AAPPMA situ\u00e9 dans le parc culturel de Fontblanche All\u00e9e des Artistes \u00e0 VITROLLES.\" \/>\n<meta property=\"og:url\" content=\"https:\/\/infernet-cadiere.com\/index.php\/2026\/03\/04\/prochain-lacher-de-la-saison\/\" \/>\n<meta property=\"og:site_name\" content=\"L&#039;infernet Cadi\u00e8re\" \/>\n<meta property=\"article:published_time\" content=\"2026-03-04T10:15:00+00:00\" \/>\n<meta property=\"article:modified_time\" content=\"2026-04-14T08:42:37+00:00\" \/>\n<meta property=\"og:image\" content=\"https:\/\/infernet-cadiere.com\/wp-content\/uploads\/2022\/05\/IMG_1991-scaled.jpg\" \/>\n\t<meta property=\"og:image:width\" content=\"1920\" \/>\n\t<meta property=\"og:image:height\" content=\"2560\" \/>\n\t<meta property=\"og:image:type\" content=\"image\/jpeg\" \/>\n<meta name=\"author\" content=\"Bernard Abrial\" \/>\n<meta name=\"twitter:card\" content=\"summary_large_image\" \/>\n<meta name=\"twitter:label1\" content=\"\u00c9crit par\" \/>\n\t<meta name=\"twitter:data1\" content=\"Bernard Abrial\" \/>\n\t<meta name=\"twitter:label2\" content=\"Dur\u00e9e de lecture estim\u00e9e\" \/>\n\t<meta name=\"twitter:data2\" content=\"1 minute\" \/>\n<script type=\"application\/ld+json\" class=\"yoast-schema-graph\">{\"@context\":\"https:\\\/\\\/schema.org\",\"@graph\":[{\"@type\":\"Article\",\"@id\":\"https:\\\/\\\/infernet-cadiere.com\\\/index.php\\\/2026\\\/03\\\/04\\\/prochain-lacher-de-la-saison\\\/#article\",\"isPartOf\":{\"@id\":\"https:\\\/\\\/infernet-cadiere.com\\\/index.php\\\/2026\\\/03\\\/04\\\/prochain-lacher-de-la-saison\\\/\"},\"author\":{\"name\":\"Bernard Abrial\",\"@id\":\"https:\\\/\\\/infernet-cadiere.com\\\/#\\\/schema\\\/person\\\/3cec9acd51609644a7fb81983cf19aa1\"},\"headline\":\"Amis P\u00eacheurs venez participer au prochain L\u00e2cher de la saison le jeudi 23 avril 2026.\",\"datePublished\":\"2026-03-04T10:15:00+00:00\",\"dateModified\":\"2026-04-14T08:42:37+00:00\",\"mainEntityOfPage\":{\"@id\":\"https:\\\/\\\/infernet-cadiere.com\\\/index.php\\\/2026\\\/03\\\/04\\\/prochain-lacher-de-la-saison\\\/\"},\"wordCount\":53,\"publisher\":{\"@id\":\"https:\\\/\\\/infernet-cadiere.com\\\/#organization\"},\"image\":{\"@id\":\"https:\\\/\\\/infernet-cadiere.com\\\/index.php\\\/2026\\\/03\\\/04\\\/prochain-lacher-de-la-saison\\\/#primaryimage\"},\"thumbnailUrl\":\"https:\\\/\\\/infernet-cadiere.com\\\/wp-content\\\/uploads\\\/2022\\\/05\\\/IMG_1991-scaled.jpg\",\"articleSection\":[\"Lach\u00e9\"],\"inLanguage\":\"fr-FR\"},{\"@type\":\"WebPage\",\"@id\":\"https:\\\/\\\/infernet-cadiere.com\\\/index.php\\\/2026\\\/03\\\/04\\\/prochain-lacher-de-la-saison\\\/\",\"url\":\"https:\\\/\\\/infernet-cadiere.com\\\/index.php\\\/2026\\\/03\\\/04\\\/prochain-lacher-de-la-saison\\\/\",\"name\":\"Amis P\u00eacheurs venez participer au prochain L\u00e2cher de la saison le jeudi 23 avril 2026. - L&#039;infernet Cadi\u00e8re\",\"isPartOf\":{\"@id\":\"https:\\\/\\\/infernet-cadiere.com\\\/#website\"},\"primaryImageOfPage\":{\"@id\":\"https:\\\/\\\/infernet-cadiere.com\\\/index.php\\\/2026\\\/03\\\/04\\\/prochain-lacher-de-la-saison\\\/#primaryimage\"},\"image\":{\"@id\":\"https:\\\/\\\/infernet-cadiere.com\\\/index.php\\\/2026\\\/03\\\/04\\\/prochain-lacher-de-la-saison\\\/#primaryimage\"},\"thumbnailUrl\":\"https:\\\/\\\/infernet-cadiere.com\\\/wp-content\\\/uploads\\\/2022\\\/05\\\/IMG_1991-scaled.jpg\",\"datePublished\":\"2026-03-04T10:15:00+00:00\",\"dateModified\":\"2026-04-14T08:42:37+00:00\",\"breadcrumb\":{\"@id\":\"https:\\\/\\\/infernet-cadiere.com\\\/index.php\\\/2026\\\/03\\\/04\\\/prochain-lacher-de-la-saison\\\/#breadcrumb\"},\"inLanguage\":\"fr-FR\",\"potentialAction\":[{\"@type\":\"ReadAction\",\"target\":[\"https:\\\/\\\/infernet-cadiere.com\\\/index.php\\\/2026\\\/03\\\/04\\\/prochain-lacher-de-la-saison\\\/\"]}]},{\"@type\":\"ImageObject\",\"inLanguage\":\"fr-FR\",\"@id\":\"https:\\\/\\\/infernet-cadiere.com\\\/index.php\\\/2026\\\/03\\\/04\\\/prochain-lacher-de-la-saison\\\/#primaryimage\",\"url\":\"https:\\\/\\\/infernet-cadiere.com\\\/wp-content\\\/uploads\\\/2022\\\/05\\\/IMG_1991-scaled.jpg\",\"contentUrl\":\"https:\\\/\\\/infernet-cadiere.com\\\/wp-content\\\/uploads\\\/2022\\\/05\\\/IMG_1991-scaled.jpg\",\"width\":1920,\"height\":2560},{\"@type\":\"BreadcrumbList\",\"@id\":\"https:\\\/\\\/infernet-cadiere.com\\\/index.php\\\/2026\\\/03\\\/04\\\/prochain-lacher-de-la-saison\\\/#breadcrumb\",\"itemListElement\":[{\"@type\":\"ListItem\",\"position\":1,\"name\":\"Accueil\",\"item\":\"https:\\\/\\\/infernet-cadiere.com\\\/\"},{\"@type\":\"ListItem\",\"position\":2,\"name\":\"Amis P\u00eacheurs venez participer au prochain L\u00e2cher de la saison le jeudi 23 avril 2026.\"}]},{\"@type\":\"WebSite\",\"@id\":\"https:\\\/\\\/infernet-cadiere.com\\\/#website\",\"url\":\"https:\\\/\\\/infernet-cadiere.com\\\/\",\"name\":\"L&#039;infernet Cadi\u00e8re\",\"description\":\"Association\",\"publisher\":{\"@id\":\"https:\\\/\\\/infernet-cadiere.com\\\/#organization\"},\"potentialAction\":[{\"@type\":\"SearchAction\",\"target\":{\"@type\":\"EntryPoint\",\"urlTemplate\":\"https:\\\/\\\/infernet-cadiere.com\\\/?s={search_term_string}\"},\"query-input\":{\"@type\":\"PropertyValueSpecification\",\"valueRequired\":true,\"valueName\":\"search_term_string\"}}],\"inLanguage\":\"fr-FR\"},{\"@type\":\"Organization\",\"@id\":\"https:\\\/\\\/infernet-cadiere.com\\\/#organization\",\"name\":\"L&#039;infernet Cadi\u00e8re\",\"url\":\"https:\\\/\\\/infernet-cadiere.com\\\/\",\"logo\":{\"@type\":\"ImageObject\",\"inLanguage\":\"fr-FR\",\"@id\":\"https:\\\/\\\/infernet-cadiere.com\\\/#\\\/schema\\\/logo\\\/image\\\/\",\"url\":\"https:\\\/\\\/infernet-cadiere.com\\\/wp-content\\\/uploads\\\/2022\\\/02\\\/logo2.png\",\"contentUrl\":\"https:\\\/\\\/infernet-cadiere.com\\\/wp-content\\\/uploads\\\/2022\\\/02\\\/logo2.png\",\"width\":650,\"height\":644,\"caption\":\"L&#039;infernet Cadi\u00e8re\"},\"image\":{\"@id\":\"https:\\\/\\\/infernet-cadiere.com\\\/#\\\/schema\\\/logo\\\/image\\\/\"}},{\"@type\":\"Person\",\"@id\":\"https:\\\/\\\/infernet-cadiere.com\\\/#\\\/schema\\\/person\\\/3cec9acd51609644a7fb81983cf19aa1\",\"name\":\"Bernard Abrial\",\"image\":{\"@type\":\"ImageObject\",\"inLanguage\":\"fr-FR\",\"@id\":\"https:\\\/\\\/secure.gravatar.com\\\/avatar\\\/7eebd0c4b6fed3aa62c623b6a08a6b1afe3a534e0cf678e41a99c38866fe8626?s=96&d=mm&r=g\",\"url\":\"https:\\\/\\\/secure.gravatar.com\\\/avatar\\\/7eebd0c4b6fed3aa62c623b6a08a6b1afe3a534e0cf678e41a99c38866fe8626?s=96&d=mm&r=g\",\"contentUrl\":\"https:\\\/\\\/secure.gravatar.com\\\/avatar\\\/7eebd0c4b6fed3aa62c623b6a08a6b1afe3a534e0cf678e41a99c38866fe8626?s=96&d=mm&r=g\",\"caption\":\"Bernard Abrial\"},\"url\":\"https:\\\/\\\/infernet-cadiere.com\\\/index.php\\\/author\\\/abrial\\\/\"}]}<\/script>\n<!-- \/ Yoast SEO plugin. -->","yoast_head_json":{"title":"Amis P\u00eacheurs venez participer au prochain L\u00e2cher de la saison le jeudi 23 avril 2026. - L&#039;infernet Cadi\u00e8re","robots":{"index":"index","follow":"follow","max-snippet":"max-snippet:-1","max-image-preview":"max-image-preview:large","max-video-preview":"max-video-preview:-1"},"canonical":"https:\/\/infernet-cadiere.com\/index.php\/2026\/03\/04\/prochain-lacher-de-la-saison\/","og_locale":"fr_FR","og_type":"article","og_title":"Amis P\u00eacheurs venez participer au prochain L\u00e2cher de la saison le jeudi 23 avril 2026. - L&#039;infernet Cadi\u00e8re","og_description":"L\u2019AAPPMA proc\u00e8dera \u00e0 un l\u00e2cher de truites le jeudi 23 avril 2026. Vous pouvez y participer. Le rendez-vous est fix\u00e9 \u00e0 8h30 au local de l\u2019AAPPMA situ\u00e9 dans le parc culturel de Fontblanche All\u00e9e des Artistes \u00e0 VITROLLES.","og_url":"https:\/\/infernet-cadiere.com\/index.php\/2026\/03\/04\/prochain-lacher-de-la-saison\/","og_site_name":"L&#039;infernet Cadi\u00e8re","article_published_time":"2026-03-04T10:15:00+00:00","article_modified_time":"2026-04-14T08:42:37+00:00","og_image":[{"width":1920,"height":2560,"url":"https:\/\/infernet-cadiere.com\/wp-content\/uploads\/2022\/05\/IMG_1991-scaled.jpg","type":"image\/jpeg"}],"author":"Bernard Abrial","twitter_card":"summary_large_image","twitter_misc":{"\u00c9crit par":"Bernard Abrial","Dur\u00e9e de lecture estim\u00e9e":"1 minute"},"schema":{"@context":"https:\/\/schema.org","@graph":[{"@type":"Article","@id":"https:\/\/infernet-cadiere.com\/index.php\/2026\/03\/04\/prochain-lacher-de-la-saison\/#article","isPartOf":{"@id":"https:\/\/infernet-cadiere.com\/index.php\/2026\/03\/04\/prochain-lacher-de-la-saison\/"},"author":{"name":"Bernard Abrial","@id":"https:\/\/infernet-cadiere.com\/#\/schema\/person\/3cec9acd51609644a7fb81983cf19aa1"},"headline":"Amis P\u00eacheurs venez participer au prochain L\u00e2cher de la saison le jeudi 23 avril 2026.","datePublished":"2026-03-04T10:15:00+00:00","dateModified":"2026-04-14T08:42:37+00:00","mainEntityOfPage":{"@id":"https:\/\/infernet-cadiere.com\/index.php\/2026\/03\/04\/prochain-lacher-de-la-saison\/"},"wordCount":53,"publisher":{"@id":"https:\/\/infernet-cadiere.com\/#organization"},"image":{"@id":"https:\/\/infernet-cadiere.com\/index.php\/2026\/03\/04\/prochain-lacher-de-la-saison\/#primaryimage"},"thumbnailUrl":"https:\/\/infernet-cadiere.com\/wp-content\/uploads\/2022\/05\/IMG_1991-scaled.jpg","articleSection":["Lach\u00e9"],"inLanguage":"fr-FR"},{"@type":"WebPage","@id":"https:\/\/infernet-cadiere.com\/index.php\/2026\/03\/04\/prochain-lacher-de-la-saison\/","url":"https:\/\/infernet-cadiere.com\/index.php\/2026\/03\/04\/prochain-lacher-de-la-saison\/","name":"Amis P\u00eacheurs venez participer au prochain L\u00e2cher de la saison le jeudi 23 avril 2026. - L&#039;infernet Cadi\u00e8re","isPartOf":{"@id":"https:\/\/infernet-cadiere.com\/#website"},"primaryImageOfPage":{"@id":"https:\/\/infernet-cadiere.com\/index.php\/2026\/03\/04\/prochain-lacher-de-la-saison\/#primaryimage"},"image":{"@id":"https:\/\/infernet-cadiere.com\/index.php\/2026\/03\/04\/prochain-lacher-de-la-saison\/#primaryimage"},"thumbnailUrl":"https:\/\/infernet-cadiere.com\/wp-content\/uploads\/2022\/05\/IMG_1991-scaled.jpg","datePublished":"2026-03-04T10:15:00+00:00","dateModified":"2026-04-14T08:42:37+00:00","breadcrumb":{"@id":"https:\/\/infernet-cadiere.com\/index.php\/2026\/03\/04\/prochain-lacher-de-la-saison\/#breadcrumb"},"inLanguage":"fr-FR","potentialAction":[{"@type":"ReadAction","target":["https:\/\/infernet-cadiere.com\/index.php\/2026\/03\/04\/prochain-lacher-de-la-saison\/"]}]},{"@type":"ImageObject","inLanguage":"fr-FR","@id":"https:\/\/infernet-cadiere.com\/index.php\/2026\/03\/04\/prochain-lacher-de-la-saison\/#primaryimage","url":"https:\/\/infernet-cadiere.com\/wp-content\/uploads\/2022\/05\/IMG_1991-scaled.jpg","contentUrl":"https:\/\/infernet-cadiere.com\/wp-content\/uploads\/2022\/05\/IMG_1991-scaled.jpg","width":1920,"height":2560},{"@type":"BreadcrumbList","@id":"https:\/\/infernet-cadiere.com\/index.php\/2026\/03\/04\/prochain-lacher-de-la-saison\/#breadcrumb","itemListElement":[{"@type":"ListItem","position":1,"name":"Accueil","item":"https:\/\/infernet-cadiere.com\/"},{"@type":"ListItem","position":2,"name":"Amis P\u00eacheurs venez participer au prochain L\u00e2cher de la saison le jeudi 23 avril 2026."}]},{"@type":"WebSite","@id":"https:\/\/infernet-cadiere.com\/#website","url":"https:\/\/infernet-cadiere.com\/","name":"L&#039;infernet Cadi\u00e8re","description":"Association","publisher":{"@id":"https:\/\/infernet-cadiere.com\/#organization"},"potentialAction":[{"@type":"SearchAction","target":{"@type":"EntryPoint","urlTemplate":"https:\/\/infernet-cadiere.com\/?s={search_term_string}"},"query-input":{"@type":"PropertyValueSpecification","valueRequired":true,"valueName":"search_term_string"}}],"inLanguage":"fr-FR"},{"@type":"Organization","@id":"https:\/\/infernet-cadiere.com\/#organization","name":"L&#039;infernet Cadi\u00e8re","url":"https:\/\/infernet-cadiere.com\/","logo":{"@type":"ImageObject","inLanguage":"fr-FR","@id":"https:\/\/infernet-cadiere.com\/#\/schema\/logo\/image\/","url":"https:\/\/infernet-cadiere.com\/wp-content\/uploads\/2022\/02\/logo2.png","contentUrl":"https:\/\/infernet-cadiere.com\/wp-content\/uploads\/2022\/02\/logo2.png","width":650,"height":644,"caption":"L&#039;infernet Cadi\u00e8re"},"image":{"@id":"https:\/\/infernet-cadiere.com\/#\/schema\/logo\/image\/"}},{"@type":"Person","@id":"https:\/\/infernet-cadiere.com\/#\/schema\/person\/3cec9acd51609644a7fb81983cf19aa1","name":"Bernard Abrial","image":{"@type":"ImageObject","inLanguage":"fr-FR","@id":"https:\/\/secure.gravatar.com\/avatar\/7eebd0c4b6fed3aa62c623b6a08a6b1afe3a534e0cf678e41a99c38866fe8626?s=96&d=mm&r=g","url":"https:\/\/secure.gravatar.com\/avatar\/7eebd0c4b6fed3aa62c623b6a08a6b1afe3a534e0cf678e41a99c38866fe8626?s=96&d=mm&r=g","contentUrl":"https:\/\/secure.gravatar.com\/avatar\/7eebd0c4b6fed3aa62c623b6a08a6b1afe3a534e0cf678e41a99c38866fe8626?s=96&d=mm&r=g","caption":"Bernard Abrial"},"url":"https:\/\/infernet-cadiere.com\/index.php\/author\/abrial\/"}]}},"_links":{"self":[{"href":"https:\/\/infernet-cadiere.com\/index.php\/wp-json\/wp\/v2\/posts\/1776","targetHints":{"allow":["GET"]}}],"collection":[{"href":"https:\/\/infernet-cadiere.com\/index.php\/wp-json\/wp\/v2\/posts"}],"about":[{"href":"https:\/\/infernet-cadiere.com\/index.php\/wp-json\/wp\/v2\/types\/post"}],"author":[{"embeddable":true,"href":"https:\/\/infernet-cadiere.com\/index.php\/wp-json\/wp\/v2\/users\/2"}],"replies":[{"embeddable":true,"href":"https:\/\/infernet-cadiere.com\/index.php\/wp-json\/wp\/v2\/comments?post=1776"}],"version-history":[{"count":32,"href":"https:\/\/infernet-cadiere.com\/index.php\/wp-json\/wp\/v2\/posts\/1776\/revisions"}],"predecessor-version":[{"id":2589,"href":"https:\/\/infernet-cadiere.com\/index.php\/wp-json\/wp\/v2\/posts\/1776\/revisions\/2589"}],"wp:featuredmedia":[{"embeddable":true,"href":"https:\/\/infernet-cadiere.com\/index.php\/wp-json\/wp\/v2\/media\/562"}],"wp:attachment":[{"href":"https:\/\/infernet-cadiere.com\/index.php\/wp-json\/wp\/v2\/media?parent=1776"}],"wp:term":[{"taxonomy":"category","embeddable":true,"href":"https:\/\/infernet-cadiere.com\/index.php\/wp-json\/wp\/v2\/categories?post=1776"},{"taxonomy":"post_tag","embeddable":true,"href":"https:\/\/infernet-cadiere.com\/index.php\/wp-json\/wp\/v2\/tags?post=1776"}],"curies":[{"name":"wp","href":"https:\/\/api.w.org\/{rel}","templated":true}]}}