{"id":1423,"date":"2025-05-20T17:32:00","date_gmt":"2025-05-20T15:32:00","guid":{"rendered":"https:\/\/infernet-cadiere.com\/?p=1423"},"modified":"2026-04-08T18:12:55","modified_gmt":"2026-04-08T16:12:55","slug":"journee-nationale-de-la-peche-au-lac-de-la-tuiliere-a-vitrolles-le-dimanche-4-juin-2023","status":"publish","type":"post","link":"https:\/\/infernet-cadiere.com\/index.php\/2025\/05\/20\/journee-nationale-de-la-peche-au-lac-de-la-tuiliere-a-vitrolles-le-dimanche-4-juin-2023\/","title":{"rendered":"Journ\u00e9e Nationale de la P\u00eache au Lac de la Tuili\u00e8re \u00e0 VITROLLES le dimanche  7 Juin 2026."},"content":{"rendered":"\n<p class=\"has-large-font-size\">Venez nombreux participer \u00e0 cette journ\u00e9e de F\u00eate Nationale de la P\u00eache au Lac de la Tuili\u00e8re \u00e0 VITROLLES.<\/p>\n\n\n\n<figure class=\"wp-block-image size-large\"><img loading=\"lazy\" decoding=\"async\" width=\"1024\" height=\"768\" src=\"https:\/\/infernet-cadiere.com\/wp-content\/uploads\/2022\/04\/image2-1-1024x768.jpg\" alt=\"\" class=\"wp-image-438\" srcset=\"https:\/\/infernet-cadiere.com\/wp-content\/uploads\/2022\/04\/image2-1-1024x768.jpg 1024w, https:\/\/infernet-cadiere.com\/wp-content\/uploads\/2022\/04\/image2-1-300x225.jpg 300w, https:\/\/infernet-cadiere.com\/wp-content\/uploads\/2022\/04\/image2-1-768x576.jpg 768w, https:\/\/infernet-cadiere.com\/wp-content\/uploads\/2022\/04\/image2-1-1536x1152.jpg 1536w, https:\/\/infernet-cadiere.com\/wp-content\/uploads\/2022\/04\/image2-1-1440x1080.jpg 1440w, https:\/\/infernet-cadiere.com\/wp-content\/uploads\/2022\/04\/image2-1.jpg 1600w\" sizes=\"auto, (max-width: 1024px) 100vw, 1024px\" \/><\/figure>\n\n\n\n<p class=\"has-large-font-size\">Tout le monde peut venir taquiner le poisson et passer une belle journ\u00e9e au bord du lac.<mark><strong> La carte de p\u00eache n\u2019est pas obligatoire ce jour l\u00e0 uniquement<\/strong><\/mark><strong><mark>.<\/mark><\/strong> Pour cette journ\u00e9e un l\u00e2cher exceptionnel de 100 Kgs de truites Arc en ciel sera effectu\u00e9 dans le Lac. <\/p>\n\n\n\n<p class=\"has-large-font-size\">Stand de p\u00eache \u00e0 la truite \u00e0 l\u2019entr\u00e9e du Lac.<\/p>\n\n\n\n<p class=\"has-large-font-size\">Grosse truite : 15\u20ac   <\/p>\n\n\n\n<p class=\"has-large-font-size\">Truite portion : 3\u20ac  ou 10 \u20ac les quatre.<\/p>\n\n\n\n<p class=\"has-large-font-size\">N&rsquo;h\u00e9siter pas, \u00e0 emmener votre famille ou vos amis pour leur faire d\u00e9couvrir les joies de la p\u00eache.<\/p>\n\n\n\n<p><\/p>\n\n\n\n<figure class=\"wp-block-image size-large\"><img loading=\"lazy\" decoding=\"async\" width=\"768\" height=\"1024\" src=\"https:\/\/infernet-cadiere.com\/wp-content\/uploads\/2023\/02\/CECC33BB-7BA1-4F7D-B209-D1AB15820B26-768x1024.jpeg\" alt=\"\" class=\"wp-image-1337\" srcset=\"https:\/\/infernet-cadiere.com\/wp-content\/uploads\/2023\/02\/CECC33BB-7BA1-4F7D-B209-D1AB15820B26-768x1024.jpeg 768w, https:\/\/infernet-cadiere.com\/wp-content\/uploads\/2023\/02\/CECC33BB-7BA1-4F7D-B209-D1AB15820B26-225x300.jpeg 225w, https:\/\/infernet-cadiere.com\/wp-content\/uploads\/2023\/02\/CECC33BB-7BA1-4F7D-B209-D1AB15820B26-1152x1536.jpeg 1152w, https:\/\/infernet-cadiere.com\/wp-content\/uploads\/2023\/02\/CECC33BB-7BA1-4F7D-B209-D1AB15820B26-1536x2048.jpeg 1536w, https:\/\/infernet-cadiere.com\/wp-content\/uploads\/2023\/02\/CECC33BB-7BA1-4F7D-B209-D1AB15820B26-1024x1365.jpeg 1024w, https:\/\/infernet-cadiere.com\/wp-content\/uploads\/2023\/02\/CECC33BB-7BA1-4F7D-B209-D1AB15820B26-810x1080.jpeg 810w, https:\/\/infernet-cadiere.com\/wp-content\/uploads\/2023\/02\/CECC33BB-7BA1-4F7D-B209-D1AB15820B26-scaled.jpeg 1920w\" sizes=\"auto, (max-width: 768px) 100vw, 768px\" \/><\/figure>\n\n\n\n<figure class=\"wp-block-image size-large\"><img loading=\"lazy\" decoding=\"async\" width=\"1024\" height=\"768\" src=\"https:\/\/infernet-cadiere.com\/wp-content\/uploads\/2022\/06\/IMG_2164-1024x768.jpg\" alt=\"\" class=\"wp-image-736\" srcset=\"https:\/\/infernet-cadiere.com\/wp-content\/uploads\/2022\/06\/IMG_2164-1024x768.jpg 1024w, https:\/\/infernet-cadiere.com\/wp-content\/uploads\/2022\/06\/IMG_2164-300x225.jpg 300w, https:\/\/infernet-cadiere.com\/wp-content\/uploads\/2022\/06\/IMG_2164-768x576.jpg 768w, https:\/\/infernet-cadiere.com\/wp-content\/uploads\/2022\/06\/IMG_2164-1536x1152.jpg 1536w, https:\/\/infernet-cadiere.com\/wp-content\/uploads\/2022\/06\/IMG_2164-2048x1536.jpg 2048w, https:\/\/infernet-cadiere.com\/wp-content\/uploads\/2022\/06\/IMG_2164-1440x1080.jpg 1440w\" sizes=\"auto, (max-width: 1024px) 100vw, 1024px\" \/><\/figure>\n\n\n\n<p><\/p>\n","protected":false},"excerpt":{"rendered":"<p>Venez nombreux participer \u00e0 cette journ\u00e9e de F\u00eate Nationale de la P\u00eache au Lac de la Tuili\u00e8re \u00e0 VITROLLES. Tout le monde peut venir taquiner le poisson et passer une belle journ\u00e9e au bord du lac. La carte de p\u00eache n\u2019est pas obligatoire ce jour l\u00e0 uniquement. Pour cette journ\u00e9e un l\u00e2cher exceptionnel de 100&hellip; <br \/> <a class=\"read-more\" href=\"https:\/\/infernet-cadiere.com\/index.php\/2025\/05\/20\/journee-nationale-de-la-peche-au-lac-de-la-tuiliere-a-vitrolles-le-dimanche-4-juin-2023\/\">Read more<\/a><\/p>\n","protected":false},"author":2,"featured_media":1598,"comment_status":"closed","ping_status":"open","sticky":false,"template":"","format":"standard","meta":{"footnotes":""},"categories":[11],"tags":[],"class_list":["post-1423","post","type-post","status-publish","format-standard","has-post-thumbnail","hentry","category-manifestations"],"yoast_head":"<!-- This site is optimized with the Yoast SEO plugin v27.5 - https:\/\/yoast.com\/product\/yoast-seo-wordpress\/ -->\n<title>Journ\u00e9e Nationale de la P\u00eache au Lac de la Tuili\u00e8re \u00e0 VITROLLES le dimanche 7 Juin 2026. - L&#039;infernet Cadi\u00e8re<\/title>\n<meta name=\"robots\" content=\"index, follow, max-snippet:-1, max-image-preview:large, max-video-preview:-1\" \/>\n<link rel=\"canonical\" href=\"https:\/\/infernet-cadiere.com\/index.php\/2025\/05\/20\/journee-nationale-de-la-peche-au-lac-de-la-tuiliere-a-vitrolles-le-dimanche-4-juin-2023\/\" \/>\n<meta property=\"og:locale\" content=\"fr_FR\" \/>\n<meta property=\"og:type\" content=\"article\" \/>\n<meta property=\"og:title\" content=\"Journ\u00e9e Nationale de la P\u00eache au Lac de la Tuili\u00e8re \u00e0 VITROLLES le dimanche 7 Juin 2026. - L&#039;infernet Cadi\u00e8re\" \/>\n<meta property=\"og:description\" content=\"Venez nombreux participer \u00e0 cette journ\u00e9e de F\u00eate Nationale de la P\u00eache au Lac de la Tuili\u00e8re \u00e0 VITROLLES. Tout le monde peut venir taquiner le poisson et passer une belle journ\u00e9e au bord du lac. La carte de p\u00eache n\u2019est pas obligatoire ce jour l\u00e0 uniquement. Pour cette journ\u00e9e un l\u00e2cher exceptionnel de 100&hellip; Read more\" \/>\n<meta property=\"og:url\" content=\"https:\/\/infernet-cadiere.com\/index.php\/2025\/05\/20\/journee-nationale-de-la-peche-au-lac-de-la-tuiliere-a-vitrolles-le-dimanche-4-juin-2023\/\" \/>\n<meta property=\"og:site_name\" content=\"L&#039;infernet Cadi\u00e8re\" \/>\n<meta property=\"article:published_time\" content=\"2025-05-20T15:32:00+00:00\" \/>\n<meta property=\"article:modified_time\" content=\"2026-04-08T16:12:55+00:00\" \/>\n<meta property=\"og:image\" content=\"https:\/\/infernet-cadiere.com\/wp-content\/uploads\/2023\/12\/IMG_1347.jpeg\" \/>\n\t<meta property=\"og:image:width\" content=\"1076\" \/>\n\t<meta property=\"og:image:height\" content=\"285\" \/>\n\t<meta property=\"og:image:type\" content=\"image\/jpeg\" \/>\n<meta name=\"author\" content=\"Bernard Abrial\" \/>\n<meta name=\"twitter:card\" content=\"summary_large_image\" \/>\n<meta name=\"twitter:label1\" content=\"\u00c9crit par\" \/>\n\t<meta name=\"twitter:data1\" content=\"Bernard Abrial\" \/>\n\t<meta name=\"twitter:label2\" content=\"Dur\u00e9e de lecture estim\u00e9e\" \/>\n\t<meta name=\"twitter:data2\" content=\"2 minutes\" \/>\n<script type=\"application\/ld+json\" class=\"yoast-schema-graph\">{\"@context\":\"https:\\\/\\\/schema.org\",\"@graph\":[{\"@type\":\"Article\",\"@id\":\"https:\\\/\\\/infernet-cadiere.com\\\/index.php\\\/2025\\\/05\\\/20\\\/journee-nationale-de-la-peche-au-lac-de-la-tuiliere-a-vitrolles-le-dimanche-4-juin-2023\\\/#article\",\"isPartOf\":{\"@id\":\"https:\\\/\\\/infernet-cadiere.com\\\/index.php\\\/2025\\\/05\\\/20\\\/journee-nationale-de-la-peche-au-lac-de-la-tuiliere-a-vitrolles-le-dimanche-4-juin-2023\\\/\"},\"author\":{\"name\":\"Bernard Abrial\",\"@id\":\"https:\\\/\\\/infernet-cadiere.com\\\/#\\\/schema\\\/person\\\/3cec9acd51609644a7fb81983cf19aa1\"},\"headline\":\"Journ\u00e9e Nationale de la P\u00eache au Lac de la Tuili\u00e8re \u00e0 VITROLLES le dimanche 7 Juin 2026.\",\"datePublished\":\"2025-05-20T15:32:00+00:00\",\"dateModified\":\"2026-04-08T16:12:55+00:00\",\"mainEntityOfPage\":{\"@id\":\"https:\\\/\\\/infernet-cadiere.com\\\/index.php\\\/2025\\\/05\\\/20\\\/journee-nationale-de-la-peche-au-lac-de-la-tuiliere-a-vitrolles-le-dimanche-4-juin-2023\\\/\"},\"wordCount\":128,\"publisher\":{\"@id\":\"https:\\\/\\\/infernet-cadiere.com\\\/#organization\"},\"image\":{\"@id\":\"https:\\\/\\\/infernet-cadiere.com\\\/index.php\\\/2025\\\/05\\\/20\\\/journee-nationale-de-la-peche-au-lac-de-la-tuiliere-a-vitrolles-le-dimanche-4-juin-2023\\\/#primaryimage\"},\"thumbnailUrl\":\"https:\\\/\\\/infernet-cadiere.com\\\/wp-content\\\/uploads\\\/2023\\\/12\\\/IMG_1347.jpeg\",\"articleSection\":[\"Manifestations\"],\"inLanguage\":\"fr-FR\"},{\"@type\":\"WebPage\",\"@id\":\"https:\\\/\\\/infernet-cadiere.com\\\/index.php\\\/2025\\\/05\\\/20\\\/journee-nationale-de-la-peche-au-lac-de-la-tuiliere-a-vitrolles-le-dimanche-4-juin-2023\\\/\",\"url\":\"https:\\\/\\\/infernet-cadiere.com\\\/index.php\\\/2025\\\/05\\\/20\\\/journee-nationale-de-la-peche-au-lac-de-la-tuiliere-a-vitrolles-le-dimanche-4-juin-2023\\\/\",\"name\":\"Journ\u00e9e Nationale de la P\u00eache au Lac de la Tuili\u00e8re \u00e0 VITROLLES le dimanche 7 Juin 2026. - L&#039;infernet Cadi\u00e8re\",\"isPartOf\":{\"@id\":\"https:\\\/\\\/infernet-cadiere.com\\\/#website\"},\"primaryImageOfPage\":{\"@id\":\"https:\\\/\\\/infernet-cadiere.com\\\/index.php\\\/2025\\\/05\\\/20\\\/journee-nationale-de-la-peche-au-lac-de-la-tuiliere-a-vitrolles-le-dimanche-4-juin-2023\\\/#primaryimage\"},\"image\":{\"@id\":\"https:\\\/\\\/infernet-cadiere.com\\\/index.php\\\/2025\\\/05\\\/20\\\/journee-nationale-de-la-peche-au-lac-de-la-tuiliere-a-vitrolles-le-dimanche-4-juin-2023\\\/#primaryimage\"},\"thumbnailUrl\":\"https:\\\/\\\/infernet-cadiere.com\\\/wp-content\\\/uploads\\\/2023\\\/12\\\/IMG_1347.jpeg\",\"datePublished\":\"2025-05-20T15:32:00+00:00\",\"dateModified\":\"2026-04-08T16:12:55+00:00\",\"breadcrumb\":{\"@id\":\"https:\\\/\\\/infernet-cadiere.com\\\/index.php\\\/2025\\\/05\\\/20\\\/journee-nationale-de-la-peche-au-lac-de-la-tuiliere-a-vitrolles-le-dimanche-4-juin-2023\\\/#breadcrumb\"},\"inLanguage\":\"fr-FR\",\"potentialAction\":[{\"@type\":\"ReadAction\",\"target\":[\"https:\\\/\\\/infernet-cadiere.com\\\/index.php\\\/2025\\\/05\\\/20\\\/journee-nationale-de-la-peche-au-lac-de-la-tuiliere-a-vitrolles-le-dimanche-4-juin-2023\\\/\"]}]},{\"@type\":\"ImageObject\",\"inLanguage\":\"fr-FR\",\"@id\":\"https:\\\/\\\/infernet-cadiere.com\\\/index.php\\\/2025\\\/05\\\/20\\\/journee-nationale-de-la-peche-au-lac-de-la-tuiliere-a-vitrolles-le-dimanche-4-juin-2023\\\/#primaryimage\",\"url\":\"https:\\\/\\\/infernet-cadiere.com\\\/wp-content\\\/uploads\\\/2023\\\/12\\\/IMG_1347.jpeg\",\"contentUrl\":\"https:\\\/\\\/infernet-cadiere.com\\\/wp-content\\\/uploads\\\/2023\\\/12\\\/IMG_1347.jpeg\",\"width\":1076,\"height\":285},{\"@type\":\"BreadcrumbList\",\"@id\":\"https:\\\/\\\/infernet-cadiere.com\\\/index.php\\\/2025\\\/05\\\/20\\\/journee-nationale-de-la-peche-au-lac-de-la-tuiliere-a-vitrolles-le-dimanche-4-juin-2023\\\/#breadcrumb\",\"itemListElement\":[{\"@type\":\"ListItem\",\"position\":1,\"name\":\"Accueil\",\"item\":\"https:\\\/\\\/infernet-cadiere.com\\\/\"},{\"@type\":\"ListItem\",\"position\":2,\"name\":\"Journ\u00e9e Nationale de la P\u00eache au Lac de la Tuili\u00e8re \u00e0 VITROLLES le dimanche 7 Juin 2026.\"}]},{\"@type\":\"WebSite\",\"@id\":\"https:\\\/\\\/infernet-cadiere.com\\\/#website\",\"url\":\"https:\\\/\\\/infernet-cadiere.com\\\/\",\"name\":\"L&#039;infernet Cadi\u00e8re\",\"description\":\"Association\",\"publisher\":{\"@id\":\"https:\\\/\\\/infernet-cadiere.com\\\/#organization\"},\"potentialAction\":[{\"@type\":\"SearchAction\",\"target\":{\"@type\":\"EntryPoint\",\"urlTemplate\":\"https:\\\/\\\/infernet-cadiere.com\\\/?s={search_term_string}\"},\"query-input\":{\"@type\":\"PropertyValueSpecification\",\"valueRequired\":true,\"valueName\":\"search_term_string\"}}],\"inLanguage\":\"fr-FR\"},{\"@type\":\"Organization\",\"@id\":\"https:\\\/\\\/infernet-cadiere.com\\\/#organization\",\"name\":\"L&#039;infernet Cadi\u00e8re\",\"url\":\"https:\\\/\\\/infernet-cadiere.com\\\/\",\"logo\":{\"@type\":\"ImageObject\",\"inLanguage\":\"fr-FR\",\"@id\":\"https:\\\/\\\/infernet-cadiere.com\\\/#\\\/schema\\\/logo\\\/image\\\/\",\"url\":\"https:\\\/\\\/infernet-cadiere.com\\\/wp-content\\\/uploads\\\/2022\\\/02\\\/logo2.png\",\"contentUrl\":\"https:\\\/\\\/infernet-cadiere.com\\\/wp-content\\\/uploads\\\/2022\\\/02\\\/logo2.png\",\"width\":650,\"height\":644,\"caption\":\"L&#039;infernet Cadi\u00e8re\"},\"image\":{\"@id\":\"https:\\\/\\\/infernet-cadiere.com\\\/#\\\/schema\\\/logo\\\/image\\\/\"}},{\"@type\":\"Person\",\"@id\":\"https:\\\/\\\/infernet-cadiere.com\\\/#\\\/schema\\\/person\\\/3cec9acd51609644a7fb81983cf19aa1\",\"name\":\"Bernard Abrial\",\"image\":{\"@type\":\"ImageObject\",\"inLanguage\":\"fr-FR\",\"@id\":\"https:\\\/\\\/secure.gravatar.com\\\/avatar\\\/7eebd0c4b6fed3aa62c623b6a08a6b1afe3a534e0cf678e41a99c38866fe8626?s=96&d=mm&r=g\",\"url\":\"https:\\\/\\\/secure.gravatar.com\\\/avatar\\\/7eebd0c4b6fed3aa62c623b6a08a6b1afe3a534e0cf678e41a99c38866fe8626?s=96&d=mm&r=g\",\"contentUrl\":\"https:\\\/\\\/secure.gravatar.com\\\/avatar\\\/7eebd0c4b6fed3aa62c623b6a08a6b1afe3a534e0cf678e41a99c38866fe8626?s=96&d=mm&r=g\",\"caption\":\"Bernard Abrial\"},\"url\":\"https:\\\/\\\/infernet-cadiere.com\\\/index.php\\\/author\\\/abrial\\\/\"}]}<\/script>\n<!-- \/ Yoast SEO plugin. -->","yoast_head_json":{"title":"Journ\u00e9e Nationale de la P\u00eache au Lac de la Tuili\u00e8re \u00e0 VITROLLES le dimanche 7 Juin 2026. - L&#039;infernet Cadi\u00e8re","robots":{"index":"index","follow":"follow","max-snippet":"max-snippet:-1","max-image-preview":"max-image-preview:large","max-video-preview":"max-video-preview:-1"},"canonical":"https:\/\/infernet-cadiere.com\/index.php\/2025\/05\/20\/journee-nationale-de-la-peche-au-lac-de-la-tuiliere-a-vitrolles-le-dimanche-4-juin-2023\/","og_locale":"fr_FR","og_type":"article","og_title":"Journ\u00e9e Nationale de la P\u00eache au Lac de la Tuili\u00e8re \u00e0 VITROLLES le dimanche 7 Juin 2026. - L&#039;infernet Cadi\u00e8re","og_description":"Venez nombreux participer \u00e0 cette journ\u00e9e de F\u00eate Nationale de la P\u00eache au Lac de la Tuili\u00e8re \u00e0 VITROLLES. Tout le monde peut venir taquiner le poisson et passer une belle journ\u00e9e au bord du lac. La carte de p\u00eache n\u2019est pas obligatoire ce jour l\u00e0 uniquement. Pour cette journ\u00e9e un l\u00e2cher exceptionnel de 100&hellip; Read more","og_url":"https:\/\/infernet-cadiere.com\/index.php\/2025\/05\/20\/journee-nationale-de-la-peche-au-lac-de-la-tuiliere-a-vitrolles-le-dimanche-4-juin-2023\/","og_site_name":"L&#039;infernet Cadi\u00e8re","article_published_time":"2025-05-20T15:32:00+00:00","article_modified_time":"2026-04-08T16:12:55+00:00","og_image":[{"width":1076,"height":285,"url":"https:\/\/infernet-cadiere.com\/wp-content\/uploads\/2023\/12\/IMG_1347.jpeg","type":"image\/jpeg"}],"author":"Bernard Abrial","twitter_card":"summary_large_image","twitter_misc":{"\u00c9crit par":"Bernard Abrial","Dur\u00e9e de lecture estim\u00e9e":"2 minutes"},"schema":{"@context":"https:\/\/schema.org","@graph":[{"@type":"Article","@id":"https:\/\/infernet-cadiere.com\/index.php\/2025\/05\/20\/journee-nationale-de-la-peche-au-lac-de-la-tuiliere-a-vitrolles-le-dimanche-4-juin-2023\/#article","isPartOf":{"@id":"https:\/\/infernet-cadiere.com\/index.php\/2025\/05\/20\/journee-nationale-de-la-peche-au-lac-de-la-tuiliere-a-vitrolles-le-dimanche-4-juin-2023\/"},"author":{"name":"Bernard Abrial","@id":"https:\/\/infernet-cadiere.com\/#\/schema\/person\/3cec9acd51609644a7fb81983cf19aa1"},"headline":"Journ\u00e9e Nationale de la P\u00eache au Lac de la Tuili\u00e8re \u00e0 VITROLLES le dimanche 7 Juin 2026.","datePublished":"2025-05-20T15:32:00+00:00","dateModified":"2026-04-08T16:12:55+00:00","mainEntityOfPage":{"@id":"https:\/\/infernet-cadiere.com\/index.php\/2025\/05\/20\/journee-nationale-de-la-peche-au-lac-de-la-tuiliere-a-vitrolles-le-dimanche-4-juin-2023\/"},"wordCount":128,"publisher":{"@id":"https:\/\/infernet-cadiere.com\/#organization"},"image":{"@id":"https:\/\/infernet-cadiere.com\/index.php\/2025\/05\/20\/journee-nationale-de-la-peche-au-lac-de-la-tuiliere-a-vitrolles-le-dimanche-4-juin-2023\/#primaryimage"},"thumbnailUrl":"https:\/\/infernet-cadiere.com\/wp-content\/uploads\/2023\/12\/IMG_1347.jpeg","articleSection":["Manifestations"],"inLanguage":"fr-FR"},{"@type":"WebPage","@id":"https:\/\/infernet-cadiere.com\/index.php\/2025\/05\/20\/journee-nationale-de-la-peche-au-lac-de-la-tuiliere-a-vitrolles-le-dimanche-4-juin-2023\/","url":"https:\/\/infernet-cadiere.com\/index.php\/2025\/05\/20\/journee-nationale-de-la-peche-au-lac-de-la-tuiliere-a-vitrolles-le-dimanche-4-juin-2023\/","name":"Journ\u00e9e Nationale de la P\u00eache au Lac de la Tuili\u00e8re \u00e0 VITROLLES le dimanche 7 Juin 2026. - L&#039;infernet Cadi\u00e8re","isPartOf":{"@id":"https:\/\/infernet-cadiere.com\/#website"},"primaryImageOfPage":{"@id":"https:\/\/infernet-cadiere.com\/index.php\/2025\/05\/20\/journee-nationale-de-la-peche-au-lac-de-la-tuiliere-a-vitrolles-le-dimanche-4-juin-2023\/#primaryimage"},"image":{"@id":"https:\/\/infernet-cadiere.com\/index.php\/2025\/05\/20\/journee-nationale-de-la-peche-au-lac-de-la-tuiliere-a-vitrolles-le-dimanche-4-juin-2023\/#primaryimage"},"thumbnailUrl":"https:\/\/infernet-cadiere.com\/wp-content\/uploads\/2023\/12\/IMG_1347.jpeg","datePublished":"2025-05-20T15:32:00+00:00","dateModified":"2026-04-08T16:12:55+00:00","breadcrumb":{"@id":"https:\/\/infernet-cadiere.com\/index.php\/2025\/05\/20\/journee-nationale-de-la-peche-au-lac-de-la-tuiliere-a-vitrolles-le-dimanche-4-juin-2023\/#breadcrumb"},"inLanguage":"fr-FR","potentialAction":[{"@type":"ReadAction","target":["https:\/\/infernet-cadiere.com\/index.php\/2025\/05\/20\/journee-nationale-de-la-peche-au-lac-de-la-tuiliere-a-vitrolles-le-dimanche-4-juin-2023\/"]}]},{"@type":"ImageObject","inLanguage":"fr-FR","@id":"https:\/\/infernet-cadiere.com\/index.php\/2025\/05\/20\/journee-nationale-de-la-peche-au-lac-de-la-tuiliere-a-vitrolles-le-dimanche-4-juin-2023\/#primaryimage","url":"https:\/\/infernet-cadiere.com\/wp-content\/uploads\/2023\/12\/IMG_1347.jpeg","contentUrl":"https:\/\/infernet-cadiere.com\/wp-content\/uploads\/2023\/12\/IMG_1347.jpeg","width":1076,"height":285},{"@type":"BreadcrumbList","@id":"https:\/\/infernet-cadiere.com\/index.php\/2025\/05\/20\/journee-nationale-de-la-peche-au-lac-de-la-tuiliere-a-vitrolles-le-dimanche-4-juin-2023\/#breadcrumb","itemListElement":[{"@type":"ListItem","position":1,"name":"Accueil","item":"https:\/\/infernet-cadiere.com\/"},{"@type":"ListItem","position":2,"name":"Journ\u00e9e Nationale de la P\u00eache au Lac de la Tuili\u00e8re \u00e0 VITROLLES le dimanche 7 Juin 2026."}]},{"@type":"WebSite","@id":"https:\/\/infernet-cadiere.com\/#website","url":"https:\/\/infernet-cadiere.com\/","name":"L&#039;infernet Cadi\u00e8re","description":"Association","publisher":{"@id":"https:\/\/infernet-cadiere.com\/#organization"},"potentialAction":[{"@type":"SearchAction","target":{"@type":"EntryPoint","urlTemplate":"https:\/\/infernet-cadiere.com\/?s={search_term_string}"},"query-input":{"@type":"PropertyValueSpecification","valueRequired":true,"valueName":"search_term_string"}}],"inLanguage":"fr-FR"},{"@type":"Organization","@id":"https:\/\/infernet-cadiere.com\/#organization","name":"L&#039;infernet Cadi\u00e8re","url":"https:\/\/infernet-cadiere.com\/","logo":{"@type":"ImageObject","inLanguage":"fr-FR","@id":"https:\/\/infernet-cadiere.com\/#\/schema\/logo\/image\/","url":"https:\/\/infernet-cadiere.com\/wp-content\/uploads\/2022\/02\/logo2.png","contentUrl":"https:\/\/infernet-cadiere.com\/wp-content\/uploads\/2022\/02\/logo2.png","width":650,"height":644,"caption":"L&#039;infernet Cadi\u00e8re"},"image":{"@id":"https:\/\/infernet-cadiere.com\/#\/schema\/logo\/image\/"}},{"@type":"Person","@id":"https:\/\/infernet-cadiere.com\/#\/schema\/person\/3cec9acd51609644a7fb81983cf19aa1","name":"Bernard Abrial","image":{"@type":"ImageObject","inLanguage":"fr-FR","@id":"https:\/\/secure.gravatar.com\/avatar\/7eebd0c4b6fed3aa62c623b6a08a6b1afe3a534e0cf678e41a99c38866fe8626?s=96&d=mm&r=g","url":"https:\/\/secure.gravatar.com\/avatar\/7eebd0c4b6fed3aa62c623b6a08a6b1afe3a534e0cf678e41a99c38866fe8626?s=96&d=mm&r=g","contentUrl":"https:\/\/secure.gravatar.com\/avatar\/7eebd0c4b6fed3aa62c623b6a08a6b1afe3a534e0cf678e41a99c38866fe8626?s=96&d=mm&r=g","caption":"Bernard Abrial"},"url":"https:\/\/infernet-cadiere.com\/index.php\/author\/abrial\/"}]}},"_links":{"self":[{"href":"https:\/\/infernet-cadiere.com\/index.php\/wp-json\/wp\/v2\/posts\/1423","targetHints":{"allow":["GET"]}}],"collection":[{"href":"https:\/\/infernet-cadiere.com\/index.php\/wp-json\/wp\/v2\/posts"}],"about":[{"href":"https:\/\/infernet-cadiere.com\/index.php\/wp-json\/wp\/v2\/types\/post"}],"author":[{"embeddable":true,"href":"https:\/\/infernet-cadiere.com\/index.php\/wp-json\/wp\/v2\/users\/2"}],"replies":[{"embeddable":true,"href":"https:\/\/infernet-cadiere.com\/index.php\/wp-json\/wp\/v2\/comments?post=1423"}],"version-history":[{"count":14,"href":"https:\/\/infernet-cadiere.com\/index.php\/wp-json\/wp\/v2\/posts\/1423\/revisions"}],"predecessor-version":[{"id":2363,"href":"https:\/\/infernet-cadiere.com\/index.php\/wp-json\/wp\/v2\/posts\/1423\/revisions\/2363"}],"wp:featuredmedia":[{"embeddable":true,"href":"https:\/\/infernet-cadiere.com\/index.php\/wp-json\/wp\/v2\/media\/1598"}],"wp:attachment":[{"href":"https:\/\/infernet-cadiere.com\/index.php\/wp-json\/wp\/v2\/media?parent=1423"}],"wp:term":[{"taxonomy":"category","embeddable":true,"href":"https:\/\/infernet-cadiere.com\/index.php\/wp-json\/wp\/v2\/categories?post=1423"},{"taxonomy":"post_tag","embeddable":true,"href":"https:\/\/infernet-cadiere.com\/index.php\/wp-json\/wp\/v2\/tags?post=1423"}],"curies":[{"name":"wp","href":"https:\/\/api.w.org\/{rel}","templated":true}]}}