{"id":1373,"date":"2025-05-20T17:35:00","date_gmt":"2025-05-20T15:35:00","guid":{"rendered":"https:\/\/infernet-cadiere.com\/?p=1373"},"modified":"2026-04-23T17:28:03","modified_gmt":"2026-04-23T15:28:03","slug":"concours-de-peche-de-la-ville-de-vitrolles-au-lac-de-la-tuiliere-le-16-avril-2023","status":"publish","type":"post","link":"https:\/\/infernet-cadiere.com\/index.php\/2025\/05\/20\/concours-de-peche-de-la-ville-de-vitrolles-au-lac-de-la-tuiliere-le-16-avril-2023\/","title":{"rendered":"Concours de p\u00eache de la Ville de SAINT VICTORET le dimanche 3 Mai 2026"},"content":{"rendered":"\n<figure class=\"wp-block-image size-large\"><img loading=\"lazy\" decoding=\"async\" width=\"1024\" height=\"944\" src=\"https:\/\/infernet-cadiere.com\/wp-content\/uploads\/2023\/03\/9CE44F71-5069-4513-B95D-3DF6084D0EFC-1024x944.jpeg\" alt=\"\" class=\"wp-image-1375\" srcset=\"https:\/\/infernet-cadiere.com\/wp-content\/uploads\/2023\/03\/9CE44F71-5069-4513-B95D-3DF6084D0EFC-1024x944.jpeg 1024w, https:\/\/infernet-cadiere.com\/wp-content\/uploads\/2023\/03\/9CE44F71-5069-4513-B95D-3DF6084D0EFC-300x277.jpeg 300w, https:\/\/infernet-cadiere.com\/wp-content\/uploads\/2023\/03\/9CE44F71-5069-4513-B95D-3DF6084D0EFC-768x708.jpeg 768w, https:\/\/infernet-cadiere.com\/wp-content\/uploads\/2023\/03\/9CE44F71-5069-4513-B95D-3DF6084D0EFC-1171x1080.jpeg 1171w, https:\/\/infernet-cadiere.com\/wp-content\/uploads\/2023\/03\/9CE44F71-5069-4513-B95D-3DF6084D0EFC.jpeg 1528w\" sizes=\"auto, (max-width: 1024px) 100vw, 1024px\" \/><\/figure>\n\n\n\n<p class=\"has-x-large-font-size\">Chers Amis p\u00eacheurs , le troisi\u00e8me concours de la saison organis\u00e9 par votre AAPPMA se d\u00e9roulera le dimanche 3 Mai 2026 au Chemin vert \u00e0 SAINT VICTORET (A c\u00f4t\u00e9 du mus\u00e9e de l\u2019aviation)<\/p>\n\n\n\n<p class=\"has-x-large-font-size\"><\/p>\n\n\n\n<p class=\"has-large-font-size\">Concours d\u00e9di\u00e9 \u00e0 notre Ami Jean Jacques LERAY ancien garde de L\u2019AAPPMA<\/p>\n\n\n\n<p class=\"has-x-large-font-size\"> Inscriptions sur place \u00e0 partir de 7h30.<\/p>\n\n\n\n<p class=\"has-large-font-size\"><\/p>\n\n\n\n<p><\/p>\n\n\n\n<figure class=\"wp-block-image size-large\"><img loading=\"lazy\" decoding=\"async\" width=\"1024\" height=\"768\" src=\"https:\/\/infernet-cadiere.com\/wp-content\/uploads\/2022\/04\/image6cadiere-1024x768.jpg\" alt=\"\" class=\"wp-image-418\" srcset=\"https:\/\/infernet-cadiere.com\/wp-content\/uploads\/2022\/04\/image6cadiere-1024x768.jpg 1024w, https:\/\/infernet-cadiere.com\/wp-content\/uploads\/2022\/04\/image6cadiere-300x225.jpg 300w, https:\/\/infernet-cadiere.com\/wp-content\/uploads\/2022\/04\/image6cadiere-768x576.jpg 768w, https:\/\/infernet-cadiere.com\/wp-content\/uploads\/2022\/04\/image6cadiere-1536x1152.jpg 1536w, https:\/\/infernet-cadiere.com\/wp-content\/uploads\/2022\/04\/image6cadiere-1440x1080.jpg 1440w, https:\/\/infernet-cadiere.com\/wp-content\/uploads\/2022\/04\/image6cadiere.jpg 1600w\" sizes=\"auto, (max-width: 1024px) 100vw, 1024px\" \/><\/figure>\n","protected":false},"excerpt":{"rendered":"<p>Chers Amis p\u00eacheurs , le troisi\u00e8me concours de la saison organis\u00e9 par votre AAPPMA se d\u00e9roulera le dimanche 3 Mai 2026 au Chemin vert \u00e0 SAINT VICTORET (A c\u00f4t\u00e9 du mus\u00e9e de l\u2019aviation) Concours d\u00e9di\u00e9 \u00e0 notre Ami Jean Jacques LERAY ancien garde de L\u2019AAPPMA Inscriptions sur place \u00e0 partir de 7h30.<\/p>\n","protected":false},"author":2,"featured_media":1375,"comment_status":"closed","ping_status":"open","sticky":true,"template":"","format":"standard","meta":{"footnotes":""},"categories":[7],"tags":[],"class_list":["post-1373","post","type-post","status-publish","format-standard","has-post-thumbnail","hentry","category-concours"],"yoast_head":"<!-- This site is optimized with the Yoast SEO plugin v27.5 - https:\/\/yoast.com\/product\/yoast-seo-wordpress\/ -->\n<title>Concours de p\u00eache de la Ville de SAINT VICTORET le dimanche 3 Mai 2026 - L&#039;infernet Cadi\u00e8re<\/title>\n<meta name=\"robots\" content=\"index, follow, max-snippet:-1, max-image-preview:large, max-video-preview:-1\" \/>\n<link rel=\"canonical\" href=\"https:\/\/infernet-cadiere.com\/index.php\/2025\/05\/20\/concours-de-peche-de-la-ville-de-vitrolles-au-lac-de-la-tuiliere-le-16-avril-2023\/\" \/>\n<meta property=\"og:locale\" content=\"fr_FR\" \/>\n<meta property=\"og:type\" content=\"article\" \/>\n<meta property=\"og:title\" content=\"Concours de p\u00eache de la Ville de SAINT VICTORET le dimanche 3 Mai 2026 - L&#039;infernet Cadi\u00e8re\" \/>\n<meta property=\"og:description\" content=\"Chers Amis p\u00eacheurs , le troisi\u00e8me concours de la saison organis\u00e9 par votre AAPPMA se d\u00e9roulera le dimanche 3 Mai 2026 au Chemin vert \u00e0 SAINT VICTORET (A c\u00f4t\u00e9 du mus\u00e9e de l\u2019aviation) Concours d\u00e9di\u00e9 \u00e0 notre Ami Jean Jacques LERAY ancien garde de L\u2019AAPPMA Inscriptions sur place \u00e0 partir de 7h30.\" \/>\n<meta property=\"og:url\" content=\"https:\/\/infernet-cadiere.com\/index.php\/2025\/05\/20\/concours-de-peche-de-la-ville-de-vitrolles-au-lac-de-la-tuiliere-le-16-avril-2023\/\" \/>\n<meta property=\"og:site_name\" content=\"L&#039;infernet Cadi\u00e8re\" \/>\n<meta property=\"article:published_time\" content=\"2025-05-20T15:35:00+00:00\" \/>\n<meta property=\"article:modified_time\" content=\"2026-04-23T15:28:03+00:00\" \/>\n<meta property=\"og:image\" content=\"https:\/\/infernet-cadiere.com\/wp-content\/uploads\/2023\/03\/9CE44F71-5069-4513-B95D-3DF6084D0EFC.jpeg\" \/>\n\t<meta property=\"og:image:width\" content=\"1528\" \/>\n\t<meta property=\"og:image:height\" content=\"1409\" \/>\n\t<meta property=\"og:image:type\" content=\"image\/jpeg\" \/>\n<meta name=\"author\" content=\"Bernard Abrial\" \/>\n<meta name=\"twitter:card\" content=\"summary_large_image\" \/>\n<meta name=\"twitter:label1\" content=\"\u00c9crit par\" \/>\n\t<meta name=\"twitter:data1\" content=\"Bernard Abrial\" \/>\n\t<meta name=\"twitter:label2\" content=\"Dur\u00e9e de lecture estim\u00e9e\" \/>\n\t<meta name=\"twitter:data2\" content=\"1 minute\" \/>\n<script type=\"application\/ld+json\" class=\"yoast-schema-graph\">{\"@context\":\"https:\\\/\\\/schema.org\",\"@graph\":[{\"@type\":\"Article\",\"@id\":\"https:\\\/\\\/infernet-cadiere.com\\\/index.php\\\/2025\\\/05\\\/20\\\/concours-de-peche-de-la-ville-de-vitrolles-au-lac-de-la-tuiliere-le-16-avril-2023\\\/#article\",\"isPartOf\":{\"@id\":\"https:\\\/\\\/infernet-cadiere.com\\\/index.php\\\/2025\\\/05\\\/20\\\/concours-de-peche-de-la-ville-de-vitrolles-au-lac-de-la-tuiliere-le-16-avril-2023\\\/\"},\"author\":{\"name\":\"Bernard Abrial\",\"@id\":\"https:\\\/\\\/infernet-cadiere.com\\\/#\\\/schema\\\/person\\\/3cec9acd51609644a7fb81983cf19aa1\"},\"headline\":\"Concours de p\u00eache de la Ville de SAINT VICTORET le dimanche 3 Mai 2026\",\"datePublished\":\"2025-05-20T15:35:00+00:00\",\"dateModified\":\"2026-04-23T15:28:03+00:00\",\"mainEntityOfPage\":{\"@id\":\"https:\\\/\\\/infernet-cadiere.com\\\/index.php\\\/2025\\\/05\\\/20\\\/concours-de-peche-de-la-ville-de-vitrolles-au-lac-de-la-tuiliere-le-16-avril-2023\\\/\"},\"wordCount\":67,\"publisher\":{\"@id\":\"https:\\\/\\\/infernet-cadiere.com\\\/#organization\"},\"image\":{\"@id\":\"https:\\\/\\\/infernet-cadiere.com\\\/index.php\\\/2025\\\/05\\\/20\\\/concours-de-peche-de-la-ville-de-vitrolles-au-lac-de-la-tuiliere-le-16-avril-2023\\\/#primaryimage\"},\"thumbnailUrl\":\"https:\\\/\\\/infernet-cadiere.com\\\/wp-content\\\/uploads\\\/2023\\\/03\\\/9CE44F71-5069-4513-B95D-3DF6084D0EFC.jpeg\",\"articleSection\":[\"Concours\"],\"inLanguage\":\"fr-FR\"},{\"@type\":\"WebPage\",\"@id\":\"https:\\\/\\\/infernet-cadiere.com\\\/index.php\\\/2025\\\/05\\\/20\\\/concours-de-peche-de-la-ville-de-vitrolles-au-lac-de-la-tuiliere-le-16-avril-2023\\\/\",\"url\":\"https:\\\/\\\/infernet-cadiere.com\\\/index.php\\\/2025\\\/05\\\/20\\\/concours-de-peche-de-la-ville-de-vitrolles-au-lac-de-la-tuiliere-le-16-avril-2023\\\/\",\"name\":\"Concours de p\u00eache de la Ville de SAINT VICTORET le dimanche 3 Mai 2026 - L&#039;infernet Cadi\u00e8re\",\"isPartOf\":{\"@id\":\"https:\\\/\\\/infernet-cadiere.com\\\/#website\"},\"primaryImageOfPage\":{\"@id\":\"https:\\\/\\\/infernet-cadiere.com\\\/index.php\\\/2025\\\/05\\\/20\\\/concours-de-peche-de-la-ville-de-vitrolles-au-lac-de-la-tuiliere-le-16-avril-2023\\\/#primaryimage\"},\"image\":{\"@id\":\"https:\\\/\\\/infernet-cadiere.com\\\/index.php\\\/2025\\\/05\\\/20\\\/concours-de-peche-de-la-ville-de-vitrolles-au-lac-de-la-tuiliere-le-16-avril-2023\\\/#primaryimage\"},\"thumbnailUrl\":\"https:\\\/\\\/infernet-cadiere.com\\\/wp-content\\\/uploads\\\/2023\\\/03\\\/9CE44F71-5069-4513-B95D-3DF6084D0EFC.jpeg\",\"datePublished\":\"2025-05-20T15:35:00+00:00\",\"dateModified\":\"2026-04-23T15:28:03+00:00\",\"breadcrumb\":{\"@id\":\"https:\\\/\\\/infernet-cadiere.com\\\/index.php\\\/2025\\\/05\\\/20\\\/concours-de-peche-de-la-ville-de-vitrolles-au-lac-de-la-tuiliere-le-16-avril-2023\\\/#breadcrumb\"},\"inLanguage\":\"fr-FR\",\"potentialAction\":[{\"@type\":\"ReadAction\",\"target\":[\"https:\\\/\\\/infernet-cadiere.com\\\/index.php\\\/2025\\\/05\\\/20\\\/concours-de-peche-de-la-ville-de-vitrolles-au-lac-de-la-tuiliere-le-16-avril-2023\\\/\"]}]},{\"@type\":\"ImageObject\",\"inLanguage\":\"fr-FR\",\"@id\":\"https:\\\/\\\/infernet-cadiere.com\\\/index.php\\\/2025\\\/05\\\/20\\\/concours-de-peche-de-la-ville-de-vitrolles-au-lac-de-la-tuiliere-le-16-avril-2023\\\/#primaryimage\",\"url\":\"https:\\\/\\\/infernet-cadiere.com\\\/wp-content\\\/uploads\\\/2023\\\/03\\\/9CE44F71-5069-4513-B95D-3DF6084D0EFC.jpeg\",\"contentUrl\":\"https:\\\/\\\/infernet-cadiere.com\\\/wp-content\\\/uploads\\\/2023\\\/03\\\/9CE44F71-5069-4513-B95D-3DF6084D0EFC.jpeg\",\"width\":1528,\"height\":1409},{\"@type\":\"BreadcrumbList\",\"@id\":\"https:\\\/\\\/infernet-cadiere.com\\\/index.php\\\/2025\\\/05\\\/20\\\/concours-de-peche-de-la-ville-de-vitrolles-au-lac-de-la-tuiliere-le-16-avril-2023\\\/#breadcrumb\",\"itemListElement\":[{\"@type\":\"ListItem\",\"position\":1,\"name\":\"Accueil\",\"item\":\"https:\\\/\\\/infernet-cadiere.com\\\/\"},{\"@type\":\"ListItem\",\"position\":2,\"name\":\"Concours de p\u00eache de la Ville de SAINT VICTORET le dimanche 3 Mai 2026\"}]},{\"@type\":\"WebSite\",\"@id\":\"https:\\\/\\\/infernet-cadiere.com\\\/#website\",\"url\":\"https:\\\/\\\/infernet-cadiere.com\\\/\",\"name\":\"L&#039;infernet Cadi\u00e8re\",\"description\":\"Association\",\"publisher\":{\"@id\":\"https:\\\/\\\/infernet-cadiere.com\\\/#organization\"},\"potentialAction\":[{\"@type\":\"SearchAction\",\"target\":{\"@type\":\"EntryPoint\",\"urlTemplate\":\"https:\\\/\\\/infernet-cadiere.com\\\/?s={search_term_string}\"},\"query-input\":{\"@type\":\"PropertyValueSpecification\",\"valueRequired\":true,\"valueName\":\"search_term_string\"}}],\"inLanguage\":\"fr-FR\"},{\"@type\":\"Organization\",\"@id\":\"https:\\\/\\\/infernet-cadiere.com\\\/#organization\",\"name\":\"L&#039;infernet Cadi\u00e8re\",\"url\":\"https:\\\/\\\/infernet-cadiere.com\\\/\",\"logo\":{\"@type\":\"ImageObject\",\"inLanguage\":\"fr-FR\",\"@id\":\"https:\\\/\\\/infernet-cadiere.com\\\/#\\\/schema\\\/logo\\\/image\\\/\",\"url\":\"https:\\\/\\\/infernet-cadiere.com\\\/wp-content\\\/uploads\\\/2022\\\/02\\\/logo2.png\",\"contentUrl\":\"https:\\\/\\\/infernet-cadiere.com\\\/wp-content\\\/uploads\\\/2022\\\/02\\\/logo2.png\",\"width\":650,\"height\":644,\"caption\":\"L&#039;infernet Cadi\u00e8re\"},\"image\":{\"@id\":\"https:\\\/\\\/infernet-cadiere.com\\\/#\\\/schema\\\/logo\\\/image\\\/\"}},{\"@type\":\"Person\",\"@id\":\"https:\\\/\\\/infernet-cadiere.com\\\/#\\\/schema\\\/person\\\/3cec9acd51609644a7fb81983cf19aa1\",\"name\":\"Bernard Abrial\",\"image\":{\"@type\":\"ImageObject\",\"inLanguage\":\"fr-FR\",\"@id\":\"https:\\\/\\\/secure.gravatar.com\\\/avatar\\\/7eebd0c4b6fed3aa62c623b6a08a6b1afe3a534e0cf678e41a99c38866fe8626?s=96&d=mm&r=g\",\"url\":\"https:\\\/\\\/secure.gravatar.com\\\/avatar\\\/7eebd0c4b6fed3aa62c623b6a08a6b1afe3a534e0cf678e41a99c38866fe8626?s=96&d=mm&r=g\",\"contentUrl\":\"https:\\\/\\\/secure.gravatar.com\\\/avatar\\\/7eebd0c4b6fed3aa62c623b6a08a6b1afe3a534e0cf678e41a99c38866fe8626?s=96&d=mm&r=g\",\"caption\":\"Bernard Abrial\"},\"url\":\"https:\\\/\\\/infernet-cadiere.com\\\/index.php\\\/author\\\/abrial\\\/\"}]}<\/script>\n<!-- \/ Yoast SEO plugin. -->","yoast_head_json":{"title":"Concours de p\u00eache de la Ville de SAINT VICTORET le dimanche 3 Mai 2026 - L&#039;infernet Cadi\u00e8re","robots":{"index":"index","follow":"follow","max-snippet":"max-snippet:-1","max-image-preview":"max-image-preview:large","max-video-preview":"max-video-preview:-1"},"canonical":"https:\/\/infernet-cadiere.com\/index.php\/2025\/05\/20\/concours-de-peche-de-la-ville-de-vitrolles-au-lac-de-la-tuiliere-le-16-avril-2023\/","og_locale":"fr_FR","og_type":"article","og_title":"Concours de p\u00eache de la Ville de SAINT VICTORET le dimanche 3 Mai 2026 - L&#039;infernet Cadi\u00e8re","og_description":"Chers Amis p\u00eacheurs , le troisi\u00e8me concours de la saison organis\u00e9 par votre AAPPMA se d\u00e9roulera le dimanche 3 Mai 2026 au Chemin vert \u00e0 SAINT VICTORET (A c\u00f4t\u00e9 du mus\u00e9e de l\u2019aviation) Concours d\u00e9di\u00e9 \u00e0 notre Ami Jean Jacques LERAY ancien garde de L\u2019AAPPMA Inscriptions sur place \u00e0 partir de 7h30.","og_url":"https:\/\/infernet-cadiere.com\/index.php\/2025\/05\/20\/concours-de-peche-de-la-ville-de-vitrolles-au-lac-de-la-tuiliere-le-16-avril-2023\/","og_site_name":"L&#039;infernet Cadi\u00e8re","article_published_time":"2025-05-20T15:35:00+00:00","article_modified_time":"2026-04-23T15:28:03+00:00","og_image":[{"width":1528,"height":1409,"url":"https:\/\/infernet-cadiere.com\/wp-content\/uploads\/2023\/03\/9CE44F71-5069-4513-B95D-3DF6084D0EFC.jpeg","type":"image\/jpeg"}],"author":"Bernard Abrial","twitter_card":"summary_large_image","twitter_misc":{"\u00c9crit par":"Bernard Abrial","Dur\u00e9e de lecture estim\u00e9e":"1 minute"},"schema":{"@context":"https:\/\/schema.org","@graph":[{"@type":"Article","@id":"https:\/\/infernet-cadiere.com\/index.php\/2025\/05\/20\/concours-de-peche-de-la-ville-de-vitrolles-au-lac-de-la-tuiliere-le-16-avril-2023\/#article","isPartOf":{"@id":"https:\/\/infernet-cadiere.com\/index.php\/2025\/05\/20\/concours-de-peche-de-la-ville-de-vitrolles-au-lac-de-la-tuiliere-le-16-avril-2023\/"},"author":{"name":"Bernard Abrial","@id":"https:\/\/infernet-cadiere.com\/#\/schema\/person\/3cec9acd51609644a7fb81983cf19aa1"},"headline":"Concours de p\u00eache de la Ville de SAINT VICTORET le dimanche 3 Mai 2026","datePublished":"2025-05-20T15:35:00+00:00","dateModified":"2026-04-23T15:28:03+00:00","mainEntityOfPage":{"@id":"https:\/\/infernet-cadiere.com\/index.php\/2025\/05\/20\/concours-de-peche-de-la-ville-de-vitrolles-au-lac-de-la-tuiliere-le-16-avril-2023\/"},"wordCount":67,"publisher":{"@id":"https:\/\/infernet-cadiere.com\/#organization"},"image":{"@id":"https:\/\/infernet-cadiere.com\/index.php\/2025\/05\/20\/concours-de-peche-de-la-ville-de-vitrolles-au-lac-de-la-tuiliere-le-16-avril-2023\/#primaryimage"},"thumbnailUrl":"https:\/\/infernet-cadiere.com\/wp-content\/uploads\/2023\/03\/9CE44F71-5069-4513-B95D-3DF6084D0EFC.jpeg","articleSection":["Concours"],"inLanguage":"fr-FR"},{"@type":"WebPage","@id":"https:\/\/infernet-cadiere.com\/index.php\/2025\/05\/20\/concours-de-peche-de-la-ville-de-vitrolles-au-lac-de-la-tuiliere-le-16-avril-2023\/","url":"https:\/\/infernet-cadiere.com\/index.php\/2025\/05\/20\/concours-de-peche-de-la-ville-de-vitrolles-au-lac-de-la-tuiliere-le-16-avril-2023\/","name":"Concours de p\u00eache de la Ville de SAINT VICTORET le dimanche 3 Mai 2026 - L&#039;infernet Cadi\u00e8re","isPartOf":{"@id":"https:\/\/infernet-cadiere.com\/#website"},"primaryImageOfPage":{"@id":"https:\/\/infernet-cadiere.com\/index.php\/2025\/05\/20\/concours-de-peche-de-la-ville-de-vitrolles-au-lac-de-la-tuiliere-le-16-avril-2023\/#primaryimage"},"image":{"@id":"https:\/\/infernet-cadiere.com\/index.php\/2025\/05\/20\/concours-de-peche-de-la-ville-de-vitrolles-au-lac-de-la-tuiliere-le-16-avril-2023\/#primaryimage"},"thumbnailUrl":"https:\/\/infernet-cadiere.com\/wp-content\/uploads\/2023\/03\/9CE44F71-5069-4513-B95D-3DF6084D0EFC.jpeg","datePublished":"2025-05-20T15:35:00+00:00","dateModified":"2026-04-23T15:28:03+00:00","breadcrumb":{"@id":"https:\/\/infernet-cadiere.com\/index.php\/2025\/05\/20\/concours-de-peche-de-la-ville-de-vitrolles-au-lac-de-la-tuiliere-le-16-avril-2023\/#breadcrumb"},"inLanguage":"fr-FR","potentialAction":[{"@type":"ReadAction","target":["https:\/\/infernet-cadiere.com\/index.php\/2025\/05\/20\/concours-de-peche-de-la-ville-de-vitrolles-au-lac-de-la-tuiliere-le-16-avril-2023\/"]}]},{"@type":"ImageObject","inLanguage":"fr-FR","@id":"https:\/\/infernet-cadiere.com\/index.php\/2025\/05\/20\/concours-de-peche-de-la-ville-de-vitrolles-au-lac-de-la-tuiliere-le-16-avril-2023\/#primaryimage","url":"https:\/\/infernet-cadiere.com\/wp-content\/uploads\/2023\/03\/9CE44F71-5069-4513-B95D-3DF6084D0EFC.jpeg","contentUrl":"https:\/\/infernet-cadiere.com\/wp-content\/uploads\/2023\/03\/9CE44F71-5069-4513-B95D-3DF6084D0EFC.jpeg","width":1528,"height":1409},{"@type":"BreadcrumbList","@id":"https:\/\/infernet-cadiere.com\/index.php\/2025\/05\/20\/concours-de-peche-de-la-ville-de-vitrolles-au-lac-de-la-tuiliere-le-16-avril-2023\/#breadcrumb","itemListElement":[{"@type":"ListItem","position":1,"name":"Accueil","item":"https:\/\/infernet-cadiere.com\/"},{"@type":"ListItem","position":2,"name":"Concours de p\u00eache de la Ville de SAINT VICTORET le dimanche 3 Mai 2026"}]},{"@type":"WebSite","@id":"https:\/\/infernet-cadiere.com\/#website","url":"https:\/\/infernet-cadiere.com\/","name":"L&#039;infernet Cadi\u00e8re","description":"Association","publisher":{"@id":"https:\/\/infernet-cadiere.com\/#organization"},"potentialAction":[{"@type":"SearchAction","target":{"@type":"EntryPoint","urlTemplate":"https:\/\/infernet-cadiere.com\/?s={search_term_string}"},"query-input":{"@type":"PropertyValueSpecification","valueRequired":true,"valueName":"search_term_string"}}],"inLanguage":"fr-FR"},{"@type":"Organization","@id":"https:\/\/infernet-cadiere.com\/#organization","name":"L&#039;infernet Cadi\u00e8re","url":"https:\/\/infernet-cadiere.com\/","logo":{"@type":"ImageObject","inLanguage":"fr-FR","@id":"https:\/\/infernet-cadiere.com\/#\/schema\/logo\/image\/","url":"https:\/\/infernet-cadiere.com\/wp-content\/uploads\/2022\/02\/logo2.png","contentUrl":"https:\/\/infernet-cadiere.com\/wp-content\/uploads\/2022\/02\/logo2.png","width":650,"height":644,"caption":"L&#039;infernet Cadi\u00e8re"},"image":{"@id":"https:\/\/infernet-cadiere.com\/#\/schema\/logo\/image\/"}},{"@type":"Person","@id":"https:\/\/infernet-cadiere.com\/#\/schema\/person\/3cec9acd51609644a7fb81983cf19aa1","name":"Bernard Abrial","image":{"@type":"ImageObject","inLanguage":"fr-FR","@id":"https:\/\/secure.gravatar.com\/avatar\/7eebd0c4b6fed3aa62c623b6a08a6b1afe3a534e0cf678e41a99c38866fe8626?s=96&d=mm&r=g","url":"https:\/\/secure.gravatar.com\/avatar\/7eebd0c4b6fed3aa62c623b6a08a6b1afe3a534e0cf678e41a99c38866fe8626?s=96&d=mm&r=g","contentUrl":"https:\/\/secure.gravatar.com\/avatar\/7eebd0c4b6fed3aa62c623b6a08a6b1afe3a534e0cf678e41a99c38866fe8626?s=96&d=mm&r=g","caption":"Bernard Abrial"},"url":"https:\/\/infernet-cadiere.com\/index.php\/author\/abrial\/"}]}},"_links":{"self":[{"href":"https:\/\/infernet-cadiere.com\/index.php\/wp-json\/wp\/v2\/posts\/1373","targetHints":{"allow":["GET"]}}],"collection":[{"href":"https:\/\/infernet-cadiere.com\/index.php\/wp-json\/wp\/v2\/posts"}],"about":[{"href":"https:\/\/infernet-cadiere.com\/index.php\/wp-json\/wp\/v2\/types\/post"}],"author":[{"embeddable":true,"href":"https:\/\/infernet-cadiere.com\/index.php\/wp-json\/wp\/v2\/users\/2"}],"replies":[{"embeddable":true,"href":"https:\/\/infernet-cadiere.com\/index.php\/wp-json\/wp\/v2\/comments?post=1373"}],"version-history":[{"count":24,"href":"https:\/\/infernet-cadiere.com\/index.php\/wp-json\/wp\/v2\/posts\/1373\/revisions"}],"predecessor-version":[{"id":2360,"href":"https:\/\/infernet-cadiere.com\/index.php\/wp-json\/wp\/v2\/posts\/1373\/revisions\/2360"}],"wp:featuredmedia":[{"embeddable":true,"href":"https:\/\/infernet-cadiere.com\/index.php\/wp-json\/wp\/v2\/media\/1375"}],"wp:attachment":[{"href":"https:\/\/infernet-cadiere.com\/index.php\/wp-json\/wp\/v2\/media?parent=1373"}],"wp:term":[{"taxonomy":"category","embeddable":true,"href":"https:\/\/infernet-cadiere.com\/index.php\/wp-json\/wp\/v2\/categories?post=1373"},{"taxonomy":"post_tag","embeddable":true,"href":"https:\/\/infernet-cadiere.com\/index.php\/wp-json\/wp\/v2\/tags?post=1373"}],"curies":[{"name":"wp","href":"https:\/\/api.w.org\/{rel}","templated":true}]}}